{"id":6261,"date":"2013-04-15T17:09:37","date_gmt":"2013-04-15T17:09:37","guid":{"rendered":"http:\/\/copades.com\/monec\/?p=6261"},"modified":"2013-04-15T17:09:37","modified_gmt":"2013-04-15T17:09:37","slug":"el-sector-vivienda-esta-casi-paralizado","status":"publish","type":"post","link":"https:\/\/copades.com\/monec\/?p=6261","title":{"rendered":"El sector vivienda est\u00e1 casi paralizado"},"content":{"rendered":"<p style=\"text-align: justify;\">El sector de la construcci\u00f3n de vivienda se encuentra pr\u00e1cticamente paralizado como consecuencia de la implementaci\u00f3n del nuevo paquete fiscal, seg\u00fan desarrolladores inmobiliarios. <strong>Pelayo Llarena<\/strong>, presidente de la Asociaci\u00f3n Nacional de Constructores de Vivienda (ANACOVI) y director del FHA, dijo: \u201cDurante el primer trimestre del 2013 se fren\u00f3 el crecimiento en el sector y estamos muy preocupados de lo que va a pasar, porque todos los desarrolladores est\u00e1n parados, no hay m\u00e1s demanda ni proyectos nuevos\u201d. <strong>Juan Carlos Salazar<\/strong>, desarrollador de proyectos de la firma <em>Soluciones Globales<\/em>, indic\u00f3 que el sector de vivienda est\u00e1 pr\u00e1cticamente ahogado, aunque est\u00e1 en condiciones que podr\u00edan ser ideales para su desarrollo, debido a que la poblaci\u00f3n creci\u00f3, las tasas de inter\u00e9s son favorables y los bancos poseen liquidez.\u00a0 (Prensa Libre 15.04.13)<\/p>\n","protected":false},"excerpt":{"rendered":"<p>El sector de la construcci\u00f3n de vivienda se encuentra pr\u00e1cticamente paralizado como consecuencia de la implementaci\u00f3n del nuevo paquete fiscal, seg\u00fan desarrolladores inmobiliarios. Pelayo Llarena, presidente de la Asociaci\u00f3n Nacional de Constructores de Vivienda&#46;&#46;&#46;<\/p>\n","protected":false},"author":1,"featured_media":0,"comment_status":"open","ping_status":"closed","sticky":false,"template":"","format":"standard","meta":{"footnotes":""},"categories":[5,11],"tags":[450],"class_list":["post-6261","post","type-post","status-publish","format-standard","hentry","category-actividad-productiva","category-construccion-e-infraestructura","tag-anacovi"],"_links":{"self":[{"href":"https:\/\/copades.com\/monec\/index.php?rest_route=\/wp\/v2\/posts\/6261","targetHints":{"allow":["GET"]}}],"collection":[{"href":"https:\/\/copades.com\/monec\/index.php?rest_route=\/wp\/v2\/posts"}],"about":[{"href":"https:\/\/copades.com\/monec\/index.php?rest_route=\/wp\/v2\/types\/post"}],"author":[{"embeddable":true,"href":"https:\/\/copades.com\/monec\/index.php?rest_route=\/wp\/v2\/users\/1"}],"replies":[{"embeddable":true,"href":"https:\/\/copades.com\/monec\/index.php?rest_route=%2Fwp%2Fv2%2Fcomments&post=6261"}],"version-history":[{"count":1,"href":"https:\/\/copades.com\/monec\/index.php?rest_route=\/wp\/v2\/posts\/6261\/revisions"}],"predecessor-version":[{"id":6262,"href":"https:\/\/copades.com\/monec\/index.php?rest_route=\/wp\/v2\/posts\/6261\/revisions\/6262"}],"wp:attachment":[{"href":"https:\/\/copades.com\/monec\/index.php?rest_route=%2Fwp%2Fv2%2Fmedia&parent=6261"}],"wp:term":[{"taxonomy":"category","embeddable":true,"href":"https:\/\/copades.com\/monec\/index.php?rest_route=%2Fwp%2Fv2%2Fcategories&post=6261"},{"taxonomy":"post_tag","embeddable":true,"href":"https:\/\/copades.com\/monec\/index.php?rest_route=%2Fwp%2Fv2%2Ftags&post=6261"}],"curies":[{"name":"wp","href":"https:\/\/api.w.org\/{rel}","templated":true}]}}