{"id":62703,"date":"2024-11-07T10:52:37","date_gmt":"2024-11-07T16:52:37","guid":{"rendered":"https:\/\/copades.com\/monec\/?p=62703"},"modified":"2024-11-07T10:52:37","modified_gmt":"2024-11-07T16:52:37","slug":"presidente-de-la-empresa-portuaria-quetzal-espera-que-vuelva-facultad-de-dragados","status":"publish","type":"post","link":"https:\/\/copades.com\/monec\/?p=62703","title":{"rendered":"Presidente de la Empresa Portuaria Quetzal espera que vuelva facultad de dragados"},"content":{"rendered":"<p style=\"text-align: justify;\">A pesar de que varios jefes de bloque citaron a la junta directiva de la Empresa Portuaria Quetzal (EPQ) este 6 de noviembre para conocer su postura por la iniciativa de ley de dragados, varios representantes de las bancadas legislativas no acudieron. No obstante, el presidente de EPQ, <strong>Jos\u00e9 Antonio Lemus<\/strong>, se pronunci\u00f3 por la propuesta de ley que regresar\u00eda la facultad para contratar servicios de dragados en esa terminal mar\u00edtima. El proyecto de ley, que impuls\u00f3 la bancada Cabal, busca reformar la Ley de Contrataciones del Estado para que las empresas portuarias puedan adquirir los servicios de dragados. \u00abS\u00ed, hacer una variaci\u00f3n, porque la actual me inhibe de hacerlo, no lo puedo hacer. Lo tengo que hacer por administraci\u00f3n y eso es complejo, no lo hemos podido hacer, porque anularon esa capacidad que antes exist\u00eda derivado de esa contrataci\u00f3n que se hac\u00eda de dragados de r\u00edos. Nos llevaron a los puertos ah\u00ed en el camino\u00bb, respondi\u00f3 Lemus sobre si est\u00e1 de acuerdo en que se modifique el art\u00edculo 43 de la Ley de Contrataciones en el tema de dragados. \u00abEntonces sirve que por lo menos eliminen esa prohibici\u00f3n de contratar\u00bb, agreg\u00f3. El presidente de EPQ se mostr\u00f3 dispuesto a explicar a los diputados las opciones que existen y ser\u00e1n ellos quienes decidan, \u00abporque son ellos los que aprueban leyes, pero puedo alimentarlos de informaci\u00f3n y son ellos quienes decidan, con su facultad legislativa, de considerar si contin\u00faa la ley o se le hacen modificaciones\u00bb. \u00a0(LH 07.11.24)<\/p>\n","protected":false},"excerpt":{"rendered":"<p>A pesar de que varios jefes de bloque citaron a la junta directiva de la Empresa Portuaria Quetzal (EPQ) este 6 de noviembre para conocer su postura por la iniciativa de ley de dragados,&#46;&#46;&#46;<\/p>\n","protected":false},"author":1,"featured_media":61449,"comment_status":"open","ping_status":"closed","sticky":false,"template":"","format":"standard","meta":{"footnotes":""},"categories":[22],"tags":[],"class_list":["post-62703","post","type-post","status-publish","format-standard","has-post-thumbnail","hentry","category-transporte-y-almacenamiento"],"_links":{"self":[{"href":"https:\/\/copades.com\/monec\/index.php?rest_route=\/wp\/v2\/posts\/62703","targetHints":{"allow":["GET"]}}],"collection":[{"href":"https:\/\/copades.com\/monec\/index.php?rest_route=\/wp\/v2\/posts"}],"about":[{"href":"https:\/\/copades.com\/monec\/index.php?rest_route=\/wp\/v2\/types\/post"}],"author":[{"embeddable":true,"href":"https:\/\/copades.com\/monec\/index.php?rest_route=\/wp\/v2\/users\/1"}],"replies":[{"embeddable":true,"href":"https:\/\/copades.com\/monec\/index.php?rest_route=%2Fwp%2Fv2%2Fcomments&post=62703"}],"version-history":[{"count":1,"href":"https:\/\/copades.com\/monec\/index.php?rest_route=\/wp\/v2\/posts\/62703\/revisions"}],"predecessor-version":[{"id":62704,"href":"https:\/\/copades.com\/monec\/index.php?rest_route=\/wp\/v2\/posts\/62703\/revisions\/62704"}],"wp:featuredmedia":[{"embeddable":true,"href":"https:\/\/copades.com\/monec\/index.php?rest_route=\/wp\/v2\/media\/61449"}],"wp:attachment":[{"href":"https:\/\/copades.com\/monec\/index.php?rest_route=%2Fwp%2Fv2%2Fmedia&parent=62703"}],"wp:term":[{"taxonomy":"category","embeddable":true,"href":"https:\/\/copades.com\/monec\/index.php?rest_route=%2Fwp%2Fv2%2Fcategories&post=62703"},{"taxonomy":"post_tag","embeddable":true,"href":"https:\/\/copades.com\/monec\/index.php?rest_route=%2Fwp%2Fv2%2Ftags&post=62703"}],"curies":[{"name":"wp","href":"https:\/\/api.w.org\/{rel}","templated":true}]}}