{"id":62788,"date":"2024-11-20T14:28:32","date_gmt":"2024-11-20T20:28:32","guid":{"rendered":"https:\/\/copades.com\/monec\/?p=62788"},"modified":"2024-11-20T14:28:32","modified_gmt":"2024-11-20T20:28:32","slug":"representantes-laborales-aceptaran-ajuste-salarial","status":"publish","type":"post","link":"https:\/\/copades.com\/monec\/?p=62788","title":{"rendered":"Representantes laborales aceptar\u00e1n ajuste salarial"},"content":{"rendered":"<p style=\"text-align: justify;\">Por primera vez, en d\u00e9cadas, en 2024 el Gobierno hizo una propuesta de aumentar el salario m\u00ednimo en un 10 por ciento para el siguiente a\u00f1o, planteamiento que grupos sindicales ven con agrado, aunque ellos quer\u00edan que fuera de al menos 200 quetzales diarios en todo el pa\u00eds, sin distingo de actividad productiva. Los delegados patronales hab\u00edan ofrecido subirlo un 3.5 por ciento. Argumentaban que ser\u00eda acorde con la inflaci\u00f3n interanual. Pero <strong>Adolfo Lacs<\/strong>, secretario general de la Federaci\u00f3n Sindical de Empleados Bancarios (Fesebs), consider\u00f3 que esa mejora ofrecida por el empresariado no repone la p\u00e9rdida del poder adquisitivo del quetzal de los \u00faltimos cinco a\u00f1os, que ha sido de aproximadamente el 46 por ciento. Por ahora, la decisi\u00f3n est\u00e1 en manos del presidente Bernardo Ar\u00e9valo, quien tendr\u00e1 que oficializar los nuevos emolumentos que deben regir a partir del 1 de enero de 2025. El dirigente laboral da por hecho que el alza ser\u00e1 del 10 por ciento. \u201cLo vemos con buenos ojos\u201d, expres\u00f3. Otro de los puntos que los trabajadores quieren es la unificaci\u00f3n de pago en todo el pa\u00eds, y no como ocurre en la actualidad, que en otras regiones se aplican pagas diferenciadas. \u201c\u00bfPor qu\u00e9? Sucede que un banco o una cadena de farmacias que tienen gente en el resto del pa\u00eds, desempe\u00f1ando las mismas actividades, recibe menos; eso es discriminaci\u00f3n seg\u00fan el C\u00f3digo Penal\u201d, explic\u00f3 Lacs. (DCA 20.11.24)<\/p>\n","protected":false},"excerpt":{"rendered":"<p>Por primera vez, en d\u00e9cadas, en 2024 el Gobierno hizo una propuesta de aumentar el salario m\u00ednimo en un 10 por ciento para el siguiente a\u00f1o, planteamiento que grupos sindicales ven con agrado, aunque&#46;&#46;&#46;<\/p>\n","protected":false},"author":1,"featured_media":55846,"comment_status":"open","ping_status":"closed","sticky":false,"template":"","format":"standard","meta":{"footnotes":""},"categories":[49],"tags":[],"class_list":["post-62788","post","type-post","status-publish","format-standard","has-post-thumbnail","hentry","category-poblacion-empleos-y-salarios"],"_links":{"self":[{"href":"https:\/\/copades.com\/monec\/index.php?rest_route=\/wp\/v2\/posts\/62788","targetHints":{"allow":["GET"]}}],"collection":[{"href":"https:\/\/copades.com\/monec\/index.php?rest_route=\/wp\/v2\/posts"}],"about":[{"href":"https:\/\/copades.com\/monec\/index.php?rest_route=\/wp\/v2\/types\/post"}],"author":[{"embeddable":true,"href":"https:\/\/copades.com\/monec\/index.php?rest_route=\/wp\/v2\/users\/1"}],"replies":[{"embeddable":true,"href":"https:\/\/copades.com\/monec\/index.php?rest_route=%2Fwp%2Fv2%2Fcomments&post=62788"}],"version-history":[{"count":1,"href":"https:\/\/copades.com\/monec\/index.php?rest_route=\/wp\/v2\/posts\/62788\/revisions"}],"predecessor-version":[{"id":62789,"href":"https:\/\/copades.com\/monec\/index.php?rest_route=\/wp\/v2\/posts\/62788\/revisions\/62789"}],"wp:featuredmedia":[{"embeddable":true,"href":"https:\/\/copades.com\/monec\/index.php?rest_route=\/wp\/v2\/media\/55846"}],"wp:attachment":[{"href":"https:\/\/copades.com\/monec\/index.php?rest_route=%2Fwp%2Fv2%2Fmedia&parent=62788"}],"wp:term":[{"taxonomy":"category","embeddable":true,"href":"https:\/\/copades.com\/monec\/index.php?rest_route=%2Fwp%2Fv2%2Fcategories&post=62788"},{"taxonomy":"post_tag","embeddable":true,"href":"https:\/\/copades.com\/monec\/index.php?rest_route=%2Fwp%2Fv2%2Ftags&post=62788"}],"curies":[{"name":"wp","href":"https:\/\/api.w.org\/{rel}","templated":true}]}}