{"id":62824,"date":"2024-11-22T10:48:54","date_gmt":"2024-11-22T16:48:54","guid":{"rendered":"https:\/\/copades.com\/monec\/?p=62824"},"modified":"2024-11-22T10:48:54","modified_gmt":"2024-11-22T16:48:54","slug":"mediran-existencia-alimenticia","status":"publish","type":"post","link":"https:\/\/copades.com\/monec\/?p=62824","title":{"rendered":"Medir\u00e1n existencia alimenticia"},"content":{"rendered":"<p style=\"text-align: justify;\">El Instituto Nacional de Estad\u00edstica (INE) y la Organizaci\u00f3n de las Naciones Unidas para la Alimentaci\u00f3n y la Agricultura (FAO), informaron ayer que avanzan en el proceso de implementaci\u00f3n de la clasificaci\u00f3n central de productos y el uso de herramientas inform\u00e1ticas asociadas con la producci\u00f3n de la hoja de balance de alimentos. Este es un resultado de una serie de reuniones t\u00e9cnicas entre ambas instituciones y forma parte de la actualizaci\u00f3n metodol\u00f3gica de este indicador, el cual busca ofrecer informaci\u00f3n m\u00e1s precisa, para reflejar de mejor manera la disponibilidad de comestibles en el pa\u00eds. Esta hoja es un \u00edtem que permite analizar la disponibilidad de los alimentos m\u00e1s importantes que forman el patr\u00f3n de consumo de la poblaci\u00f3n en un per\u00edodo de referencia determinado, ya sean en t\u00e9rminos f\u00edsicos o nutricionales. Toma en cuenta factores como producci\u00f3n, importaci\u00f3n, exportaci\u00f3n y uso de semillas, entre otros. Este sistema verifica la escasez o excedentes, en t\u00e9rminos de oferta o disponibilidad, la cual se complementa con datos de la Canasta B\u00e1sica Alimentaria que analiza la demanda. Cada a\u00f1o el INE recopila datos de diferentes fuentes, con el fin de identificar tendencias sobre disponibilidad, brechas y nivel de dependencia alimentaria.\u00a0 En este sentido, ayer se realiz\u00f3 la primera reuni\u00f3n del grupo de trabajo para el desarrollo de la metodolog\u00eda. (DCA 22.11.24)<\/p>\n","protected":false},"excerpt":{"rendered":"<p>El Instituto Nacional de Estad\u00edstica (INE) y la Organizaci\u00f3n de las Naciones Unidas para la Alimentaci\u00f3n y la Agricultura (FAO), informaron ayer que avanzan en el proceso de implementaci\u00f3n de la clasificaci\u00f3n central de&#46;&#46;&#46;<\/p>\n","protected":false},"author":1,"featured_media":57334,"comment_status":"open","ping_status":"closed","sticky":false,"template":"","format":"standard","meta":{"footnotes":""},"categories":[49],"tags":[],"class_list":["post-62824","post","type-post","status-publish","format-standard","has-post-thumbnail","hentry","category-poblacion-empleos-y-salarios"],"_links":{"self":[{"href":"https:\/\/copades.com\/monec\/index.php?rest_route=\/wp\/v2\/posts\/62824","targetHints":{"allow":["GET"]}}],"collection":[{"href":"https:\/\/copades.com\/monec\/index.php?rest_route=\/wp\/v2\/posts"}],"about":[{"href":"https:\/\/copades.com\/monec\/index.php?rest_route=\/wp\/v2\/types\/post"}],"author":[{"embeddable":true,"href":"https:\/\/copades.com\/monec\/index.php?rest_route=\/wp\/v2\/users\/1"}],"replies":[{"embeddable":true,"href":"https:\/\/copades.com\/monec\/index.php?rest_route=%2Fwp%2Fv2%2Fcomments&post=62824"}],"version-history":[{"count":1,"href":"https:\/\/copades.com\/monec\/index.php?rest_route=\/wp\/v2\/posts\/62824\/revisions"}],"predecessor-version":[{"id":62825,"href":"https:\/\/copades.com\/monec\/index.php?rest_route=\/wp\/v2\/posts\/62824\/revisions\/62825"}],"wp:featuredmedia":[{"embeddable":true,"href":"https:\/\/copades.com\/monec\/index.php?rest_route=\/wp\/v2\/media\/57334"}],"wp:attachment":[{"href":"https:\/\/copades.com\/monec\/index.php?rest_route=%2Fwp%2Fv2%2Fmedia&parent=62824"}],"wp:term":[{"taxonomy":"category","embeddable":true,"href":"https:\/\/copades.com\/monec\/index.php?rest_route=%2Fwp%2Fv2%2Fcategories&post=62824"},{"taxonomy":"post_tag","embeddable":true,"href":"https:\/\/copades.com\/monec\/index.php?rest_route=%2Fwp%2Fv2%2Ftags&post=62824"}],"curies":[{"name":"wp","href":"https:\/\/api.w.org\/{rel}","templated":true}]}}