{"id":63723,"date":"2025-03-07T10:23:31","date_gmt":"2025-03-07T16:23:31","guid":{"rendered":"https:\/\/copades.com\/monec\/?p=63723"},"modified":"2025-03-07T10:23:31","modified_gmt":"2025-03-07T16:23:31","slug":"mineco-afirma-que-guatemala-no-ha-sido-notificada-sobre-aranceles-y-actualiza-estado-del-tlc-con-estados-unidos","status":"publish","type":"post","link":"https:\/\/copades.com\/monec\/?p=63723","title":{"rendered":"Mineco afirma que Guatemala no ha sido notificada sobre aranceles y actualiza estado del TLC con Estados Unidos"},"content":{"rendered":"<p style=\"text-align: justify;\">Los aranceles que el presidente Donald Trump impulsa se enfocan hasta el momento en pa\u00edses que son grandes proveedores de una amplia gama de bienes para Estados Unidos y con super\u00e1vit en la balanza comercial. Por esa raz\u00f3n, Guatemala podr\u00eda no estar en la mira para aplicarle esas medidas y hasta ahora no hay una notificaci\u00f3n oficial. La ministra de Econom\u00eda, Gabriela Garc\u00eda, asegur\u00f3 en el Congreso el 5 de marzo que Guatemala no ha recibido ninguna notificaci\u00f3n de parte de ese pa\u00eds y consider\u00f3 que el Tri\u00e1ngulo Norte es un socio comercial clave para ese pa\u00eds. Garc\u00eda a\u00f1adi\u00f3 que han analizado varios escenarios, aunque evit\u00f3 dar detalles, y que se est\u00e1 revisando el Tratado de Libre Comercio entre Centroam\u00e9rica, Rep\u00fablica Dominicana y Estados Unidos, conocido como DR-CAFTA. A\u00fan no hay informaci\u00f3n oficial de parte de las autoridades de ese pa\u00eds respecto de los aranceles anunciados para importaci\u00f3n de productos agr\u00edcolas a ese pa\u00eds, por lo que no se cuenta detalles sobre c\u00f3mo se va a implementar esta medida, indic\u00f3 el viceministro de Comercio Exterior del Ministerio de Econom\u00eda de Guatemala (Mineco), H\u00e9ctor Marroqu\u00edn. Mientras, que referente al impacto que podr\u00edan tener Guatemala por las medidas rec\u00edprocas, tambi\u00e9n anunciados por el gobierno del presidente Donald Trump, el viceministro expuso que, en el marco del Tratado de Libre Comercio con Estados Unidos, Centroam\u00e9rica y Rep\u00fablica Dominicana (DR-CAFTA) ya se tiene libre comercio entre ambos pa\u00edses, por lo que no se pagan derechos arancelarios por las importaciones. El funcionario mencion\u00f3 que el gobierno de Estados Unidos estableci\u00f3 un plazo de 180 d\u00edas para hacer la evaluaci\u00f3n para las medidas rec\u00edprocos, y a\u00fan no se ha recibido una notificaci\u00f3n oficial al respecto. Consultado acerca de qu\u00e9 suceder\u00e1 con el TLC con Estados Unidos, que ya tiene una desgravaci\u00f3n del 99% de productos, de implementarse nuevos aranceles como los anunciados el viceministro explic\u00f3 que seg\u00fan el memorando publicado por la casa Blanca el 13 de febrero del 2025, se ordena a las autoridades de ese pa\u00eds el desarrollo de un plan integral para restaurar la equidad en las relaciones comerciales de Estados Unidos y contrarrestar los acuerdos comerciales no rec\u00edprocos. Al respecto, Guatemala y Estados Unidos, bajo el marco del DR-CAFTA, gozan de libre comercio en el intercambio comercial de mercanc\u00edas, agreg\u00f3 Marroqu\u00edn. (PL 07.03.25)<\/p>\n","protected":false},"excerpt":{"rendered":"<p>Los aranceles que el presidente Donald Trump impulsa se enfocan hasta el momento en pa\u00edses que son grandes proveedores de una amplia gama de bienes para Estados Unidos y con super\u00e1vit en la balanza&#46;&#46;&#46;<\/p>\n","protected":false},"author":1,"featured_media":55944,"comment_status":"open","ping_status":"closed","sticky":false,"template":"","format":"standard","meta":{"footnotes":""},"categories":[36],"tags":[],"class_list":["post-63723","post","type-post","status-publish","format-standard","has-post-thumbnail","hentry","category-tratados-de-libre-comercio"],"_links":{"self":[{"href":"https:\/\/copades.com\/monec\/index.php?rest_route=\/wp\/v2\/posts\/63723","targetHints":{"allow":["GET"]}}],"collection":[{"href":"https:\/\/copades.com\/monec\/index.php?rest_route=\/wp\/v2\/posts"}],"about":[{"href":"https:\/\/copades.com\/monec\/index.php?rest_route=\/wp\/v2\/types\/post"}],"author":[{"embeddable":true,"href":"https:\/\/copades.com\/monec\/index.php?rest_route=\/wp\/v2\/users\/1"}],"replies":[{"embeddable":true,"href":"https:\/\/copades.com\/monec\/index.php?rest_route=%2Fwp%2Fv2%2Fcomments&post=63723"}],"version-history":[{"count":1,"href":"https:\/\/copades.com\/monec\/index.php?rest_route=\/wp\/v2\/posts\/63723\/revisions"}],"predecessor-version":[{"id":63724,"href":"https:\/\/copades.com\/monec\/index.php?rest_route=\/wp\/v2\/posts\/63723\/revisions\/63724"}],"wp:featuredmedia":[{"embeddable":true,"href":"https:\/\/copades.com\/monec\/index.php?rest_route=\/wp\/v2\/media\/55944"}],"wp:attachment":[{"href":"https:\/\/copades.com\/monec\/index.php?rest_route=%2Fwp%2Fv2%2Fmedia&parent=63723"}],"wp:term":[{"taxonomy":"category","embeddable":true,"href":"https:\/\/copades.com\/monec\/index.php?rest_route=%2Fwp%2Fv2%2Fcategories&post=63723"},{"taxonomy":"post_tag","embeddable":true,"href":"https:\/\/copades.com\/monec\/index.php?rest_route=%2Fwp%2Fv2%2Ftags&post=63723"}],"curies":[{"name":"wp","href":"https:\/\/api.w.org\/{rel}","templated":true}]}}