{"id":63805,"date":"2025-03-10T09:50:00","date_gmt":"2025-03-10T15:50:00","guid":{"rendered":"https:\/\/copades.com\/monec\/?p=63805"},"modified":"2025-03-10T09:50:00","modified_gmt":"2025-03-10T15:50:00","slug":"contexto-de-incertidumbre-mundial-podria-desviar-inversiones-extranjeras-a-latinoamerica","status":"publish","type":"post","link":"https:\/\/copades.com\/monec\/?p=63805","title":{"rendered":"Contexto de incertidumbre mundial podr\u00eda desviar inversiones extranjeras a Latinoam\u00e9rica"},"content":{"rendered":"<p style=\"text-align: justify;\">El actual contexto geopol\u00edtico, las tensiones comerciales y la transici\u00f3n energ\u00e9tica son factores que podr\u00edan desviar los flujos de inversi\u00f3n extranjera hacia Am\u00e9rica Latina y el Caribe, cuyas econom\u00edas ver\u00edan incrementada su capacidad de crecimiento, seg\u00fan un art\u00edculo del Banco de Espa\u00f1a publicado este viernes. Las perspectivas de inversi\u00f3n en esta regi\u00f3n son \u00abpositivas\u00bb debido a \u00abla posici\u00f3n neutral\u00bb de la mayor\u00eda de estos pa\u00edses en un escenario \u00abde creciente fragmentaci\u00f3n geopol\u00edtica\u00bb, insiste el documento, titulado \u00abLa inversi\u00f3n extranjera directa entre Am\u00e9rica Latina y Espa\u00f1a\u00bb. Un desv\u00edo de los flujos de inversi\u00f3n hacia esta regi\u00f3n ser\u00eda una forma de \u00absortear medidas restrictivas al comercio o a la inversi\u00f3n directa\u00bb, aunque el Banco de Espa\u00f1a insiste en que esta evoluci\u00f3n est\u00e1 condicionada por la orientaci\u00f3n de las pol\u00edticas de inversi\u00f3n y comerciales de la nueva Administraci\u00f3n en EUA. En este sentido, hace hincapi\u00e9 en que dichas pol\u00edticas y sus implicaciones sobre las perspectivas econ\u00f3micas y de inversi\u00f3n en Am\u00e9rica Latina y el Caribe presentan todav\u00eda un grado de incertidumbre \u00abmuy elevado\u00bb. Por sectores, las perspectivas de inversi\u00f3n en actividades relacionadas con la energ\u00eda y la miner\u00eda son \u00abfavorables\u00bb gracias a las reservas de materias primas energ\u00e9ticas y de recursos naturales necesarios para la transici\u00f3n verde con las que cuentan algunos pa\u00edses latinoamericanos. (eleconomista.net 10.03.25)<\/p>\n","protected":false},"excerpt":{"rendered":"<p>El actual contexto geopol\u00edtico, las tensiones comerciales y la transici\u00f3n energ\u00e9tica son factores que podr\u00edan desviar los flujos de inversi\u00f3n extranjera hacia Am\u00e9rica Latina y el Caribe, cuyas econom\u00edas ver\u00edan incrementada su capacidad de&#46;&#46;&#46;<\/p>\n","protected":false},"author":1,"featured_media":63222,"comment_status":"open","ping_status":"closed","sticky":false,"template":"","format":"standard","meta":{"footnotes":""},"categories":[55],"tags":[],"class_list":["post-63805","post","type-post","status-publish","format-standard","has-post-thumbnail","hentry","category-internacionales-seleccion"],"_links":{"self":[{"href":"https:\/\/copades.com\/monec\/index.php?rest_route=\/wp\/v2\/posts\/63805","targetHints":{"allow":["GET"]}}],"collection":[{"href":"https:\/\/copades.com\/monec\/index.php?rest_route=\/wp\/v2\/posts"}],"about":[{"href":"https:\/\/copades.com\/monec\/index.php?rest_route=\/wp\/v2\/types\/post"}],"author":[{"embeddable":true,"href":"https:\/\/copades.com\/monec\/index.php?rest_route=\/wp\/v2\/users\/1"}],"replies":[{"embeddable":true,"href":"https:\/\/copades.com\/monec\/index.php?rest_route=%2Fwp%2Fv2%2Fcomments&post=63805"}],"version-history":[{"count":1,"href":"https:\/\/copades.com\/monec\/index.php?rest_route=\/wp\/v2\/posts\/63805\/revisions"}],"predecessor-version":[{"id":63806,"href":"https:\/\/copades.com\/monec\/index.php?rest_route=\/wp\/v2\/posts\/63805\/revisions\/63806"}],"wp:featuredmedia":[{"embeddable":true,"href":"https:\/\/copades.com\/monec\/index.php?rest_route=\/wp\/v2\/media\/63222"}],"wp:attachment":[{"href":"https:\/\/copades.com\/monec\/index.php?rest_route=%2Fwp%2Fv2%2Fmedia&parent=63805"}],"wp:term":[{"taxonomy":"category","embeddable":true,"href":"https:\/\/copades.com\/monec\/index.php?rest_route=%2Fwp%2Fv2%2Fcategories&post=63805"},{"taxonomy":"post_tag","embeddable":true,"href":"https:\/\/copades.com\/monec\/index.php?rest_route=%2Fwp%2Fv2%2Ftags&post=63805"}],"curies":[{"name":"wp","href":"https:\/\/api.w.org\/{rel}","templated":true}]}}