{"id":63868,"date":"2025-03-14T10:35:15","date_gmt":"2025-03-14T16:35:15","guid":{"rendered":"https:\/\/copades.com\/monec\/?p=63868"},"modified":"2025-03-14T10:35:15","modified_gmt":"2025-03-14T16:35:15","slug":"la-aviacion-en-latinoamerica-despega-en-2025-con-un-crecimiento-en-el-trafico-de-pasajeros","status":"publish","type":"post","link":"https:\/\/copades.com\/monec\/?p=63868","title":{"rendered":"La aviaci\u00f3n en Latinoam\u00e9rica despega en 2025 con un crecimiento en el tr\u00e1fico de pasajeros"},"content":{"rendered":"<p style=\"text-align: justify;\">La Asociaci\u00f3n Latinoamericana y del Caribe de Transporte A\u00e9reo (ALTA) public\u00f3 los datos de tr\u00e1fico de la regi\u00f3n para enero de 2025, que registraron un total de 42.3 millones de pasajeros, un crecimiento del 2,4% en comparaci\u00f3n con el mismo per\u00edodo de 2024. Este aumento fue impulsado por la reactivaci\u00f3n de rutas, la adopci\u00f3n de pol\u00edticas de cielos abiertos y la mayor demanda de viajes tur\u00edsticos. El mercado dom\u00e9stico brasile\u00f1o apoy\u00f3 un papel fundamental en este avance, sumando 438 mil pasajeros, lo que represent\u00f3 el 44% del crecimiento total de la regi\u00f3n. El intrarregional tambi\u00e9n registr\u00f3 un aumento de tr\u00e1fico significativo, alcanzando 5,3 millones de pasajeros, con especial destaque para la ruta Lima \u2013 Santiago, que se consolid\u00f3 como la m\u00e1s transitada de Am\u00e9rica Latina, con casi 156 mil pasajeros. El mercado internacional mantuvo su trayectoria de crecimiento, totalizando 15.6 millones de pasajeros, un avance del 0.7% respecto al a\u00f1o anterior. El tr\u00e1fico entre Brasil y Francia fue uno de los grandes destacados, con un crecimiento del 33.5%, impulsado por la incorporaci\u00f3n de la ruta Par\u00eds \u2013 Salvador. Las conexiones entre Panam\u00e1 y Estados Unidos tambi\u00e9n mostraron un desempe\u00f1o positivo, sumando m\u00e1s de 2,500 frecuencias, un incremento del 12% en comparaci\u00f3n anual. Adem\u00e1s, el n\u00famero total de vuelos en la regi\u00f3n creci\u00f3 un 4.8%, alcanzando 345,331 operaciones, mientras que el coeficiente medio de ocupaci\u00f3n lleg\u00f3 al 84.7%, un aumento de 1.1 puntos porcentuales en relaci\u00f3n con 2024. Entre los mercados que m\u00e1s se destacaron, Brasil y Rep\u00fablica Dominicana alcanzaron r\u00e9cords hist\u00f3ricos en el tr\u00e1fico internacional. Florian\u00f3polis registr\u00f3 un crecimiento del 175% en las conexiones con Buenos Aires, como resultado del ingreso de una nueva aerol\u00ednea. Por su parte, Rep\u00fablica Dominicana alcanz\u00f3 el mayor volumen de pasajeros internacionales de su historia, sumando 1.8 millones en enero, un crecimiento del 3% en comparaci\u00f3n con el a\u00f1o anterior. En M\u00e9xico, aeropuertos como Santa Luc\u00eda mostraron un fuerte crecimiento, avanzando un 78%, mientras que en Argentina, Tucum\u00e1n experiment\u00f3 un salto del 116% en el tr\u00e1fico internacional.\u00a0 (forbescentroamerica.com 14.03.25)<\/p>\n","protected":false},"excerpt":{"rendered":"<p>La Asociaci\u00f3n Latinoamericana y del Caribe de Transporte A\u00e9reo (ALTA) public\u00f3 los datos de tr\u00e1fico de la regi\u00f3n para enero de 2025, que registraron un total de 42.3 millones de pasajeros, un crecimiento del&#46;&#46;&#46;<\/p>\n","protected":false},"author":1,"featured_media":58287,"comment_status":"open","ping_status":"closed","sticky":false,"template":"","format":"standard","meta":{"footnotes":""},"categories":[55],"tags":[],"class_list":["post-63868","post","type-post","status-publish","format-standard","has-post-thumbnail","hentry","category-internacionales-seleccion"],"_links":{"self":[{"href":"https:\/\/copades.com\/monec\/index.php?rest_route=\/wp\/v2\/posts\/63868","targetHints":{"allow":["GET"]}}],"collection":[{"href":"https:\/\/copades.com\/monec\/index.php?rest_route=\/wp\/v2\/posts"}],"about":[{"href":"https:\/\/copades.com\/monec\/index.php?rest_route=\/wp\/v2\/types\/post"}],"author":[{"embeddable":true,"href":"https:\/\/copades.com\/monec\/index.php?rest_route=\/wp\/v2\/users\/1"}],"replies":[{"embeddable":true,"href":"https:\/\/copades.com\/monec\/index.php?rest_route=%2Fwp%2Fv2%2Fcomments&post=63868"}],"version-history":[{"count":1,"href":"https:\/\/copades.com\/monec\/index.php?rest_route=\/wp\/v2\/posts\/63868\/revisions"}],"predecessor-version":[{"id":63869,"href":"https:\/\/copades.com\/monec\/index.php?rest_route=\/wp\/v2\/posts\/63868\/revisions\/63869"}],"wp:featuredmedia":[{"embeddable":true,"href":"https:\/\/copades.com\/monec\/index.php?rest_route=\/wp\/v2\/media\/58287"}],"wp:attachment":[{"href":"https:\/\/copades.com\/monec\/index.php?rest_route=%2Fwp%2Fv2%2Fmedia&parent=63868"}],"wp:term":[{"taxonomy":"category","embeddable":true,"href":"https:\/\/copades.com\/monec\/index.php?rest_route=%2Fwp%2Fv2%2Fcategories&post=63868"},{"taxonomy":"post_tag","embeddable":true,"href":"https:\/\/copades.com\/monec\/index.php?rest_route=%2Fwp%2Fv2%2Ftags&post=63868"}],"curies":[{"name":"wp","href":"https:\/\/api.w.org\/{rel}","templated":true}]}}