{"id":63904,"date":"2025-03-18T10:27:45","date_gmt":"2025-03-18T16:27:45","guid":{"rendered":"https:\/\/copades.com\/monec\/?p=63904"},"modified":"2025-03-18T10:27:45","modified_gmt":"2025-03-18T16:27:45","slug":"riesgo-de-estanflacion-pone-a-reserva-federal-en-situacion-complicada-en-reunion-de-esta-semana","status":"publish","type":"post","link":"https:\/\/copades.com\/monec\/?p=63904","title":{"rendered":"Riesgo de \u201cestanflaci\u00f3n\u201d pone a Reserva Federal en situaci\u00f3n complicada en reuni\u00f3n de esta semana"},"content":{"rendered":"<p style=\"text-align: justify;\">A\u00fan no est\u00e1 claro si la econom\u00eda caer\u00e1 en una estanflaci\u00f3n. Por ahora, al igual que las empresas y los consumidores, la Fed enfrenta una enorme incertidumbre en torno a las perspectivas econ\u00f3micas. Cuando los funcionarios de la Reserva Federal (Fed) se reunieron por \u00faltima vez a finales de enero, la situaci\u00f3n pintaba bastante bien: la contrataci\u00f3n era s\u00f3lida, la econom\u00eda hab\u00eda crecido a un ritmo firme en el \u00faltimo trimestre del a\u00f1o pasado y la inflaci\u00f3n, aunque persistente, hab\u00eda ca\u00eddo dr\u00e1sticamente desde su pico de hace m\u00e1s de dos a\u00f1os. Qu\u00e9 diferencia marcan siete semanas. En un momento en que la Fed se prepara para reunirse el martes y mi\u00e9rcoles, el banco central y su presidente <strong>Jerome Powell<\/strong> se encaminan a una situaci\u00f3n potencialmente mucho m\u00e1s dif\u00edcil. La inflaci\u00f3n mejor\u00f3 el mes pasado, pero todav\u00eda es alta \u2014y los aranceles podr\u00edan elevarla m\u00e1s. Al mismo tiempo, las continuas amenazas arancelarias, as\u00ed como los fuertes recortes al gasto p\u00fablico y al empleo, han hundido la confianza de los consumidores y de las empresas, lo que podr\u00eda pesar en la econom\u00eda e incluso impulsar el desempleo al alza. A la combinaci\u00f3n t\u00f3xica de una inflaci\u00f3n a\u00fan alta y una econom\u00eda d\u00e9bil o estancada se le llama con frecuencia \u201cestanflaci\u00f3n\u201d, un t\u00e9rmino que atormenta a los banqueros centrales. Es lo que aquej\u00f3 a Estados Unidos en la d\u00e9cada de 1970, cuando ni siquiera las recesiones profundas lograron eliminar la inflaci\u00f3n. Si la estanflaci\u00f3n llegara a surgir, ser\u00e1 un desaf\u00edo para la Fed, ya que, por lo general, sus funcionarios suben las tasas \u2014o las mantienen altas\u2014 para combatir la inflaci\u00f3n. No obstante, si el desempleo tambi\u00e9n aumenta, la Fed normalmente baja las tasas para reducir el costo del cr\u00e9dito y estimular el crecimiento.\u00a0A\u00fan no est\u00e1 claro si la econom\u00eda caer\u00e1 en una estanflaci\u00f3n. Por ahora, al igual que las empresas y los consumidores, la Fed enfrenta una enorme incertidumbre en torno a las perspectivas econ\u00f3micas. Pero incluso una versi\u00f3n moderada \u2014si el desempleo aumenta desde su bajo nivel actual del 4,1%, mientras la inflaci\u00f3n se mantiene por encima del objetivo del 2% de la Fed\u2014 ser\u00e1 un desaf\u00edo para el banco central. (eleconomista.net 18.03.25)<\/p>\n","protected":false},"excerpt":{"rendered":"<p>A\u00fan no est\u00e1 claro si la econom\u00eda caer\u00e1 en una estanflaci\u00f3n. Por ahora, al igual que las empresas y los consumidores, la Fed enfrenta una enorme incertidumbre en torno a las perspectivas econ\u00f3micas. Cuando&#46;&#46;&#46;<\/p>\n","protected":false},"author":1,"featured_media":57334,"comment_status":"open","ping_status":"closed","sticky":false,"template":"","format":"standard","meta":{"footnotes":""},"categories":[55],"tags":[],"class_list":["post-63904","post","type-post","status-publish","format-standard","has-post-thumbnail","hentry","category-internacionales-seleccion"],"_links":{"self":[{"href":"https:\/\/copades.com\/monec\/index.php?rest_route=\/wp\/v2\/posts\/63904","targetHints":{"allow":["GET"]}}],"collection":[{"href":"https:\/\/copades.com\/monec\/index.php?rest_route=\/wp\/v2\/posts"}],"about":[{"href":"https:\/\/copades.com\/monec\/index.php?rest_route=\/wp\/v2\/types\/post"}],"author":[{"embeddable":true,"href":"https:\/\/copades.com\/monec\/index.php?rest_route=\/wp\/v2\/users\/1"}],"replies":[{"embeddable":true,"href":"https:\/\/copades.com\/monec\/index.php?rest_route=%2Fwp%2Fv2%2Fcomments&post=63904"}],"version-history":[{"count":1,"href":"https:\/\/copades.com\/monec\/index.php?rest_route=\/wp\/v2\/posts\/63904\/revisions"}],"predecessor-version":[{"id":63905,"href":"https:\/\/copades.com\/monec\/index.php?rest_route=\/wp\/v2\/posts\/63904\/revisions\/63905"}],"wp:featuredmedia":[{"embeddable":true,"href":"https:\/\/copades.com\/monec\/index.php?rest_route=\/wp\/v2\/media\/57334"}],"wp:attachment":[{"href":"https:\/\/copades.com\/monec\/index.php?rest_route=%2Fwp%2Fv2%2Fmedia&parent=63904"}],"wp:term":[{"taxonomy":"category","embeddable":true,"href":"https:\/\/copades.com\/monec\/index.php?rest_route=%2Fwp%2Fv2%2Fcategories&post=63904"},{"taxonomy":"post_tag","embeddable":true,"href":"https:\/\/copades.com\/monec\/index.php?rest_route=%2Fwp%2Fv2%2Ftags&post=63904"}],"curies":[{"name":"wp","href":"https:\/\/api.w.org\/{rel}","templated":true}]}}