{"id":64041,"date":"2025-03-26T09:54:59","date_gmt":"2025-03-26T15:54:59","guid":{"rendered":"https:\/\/copades.com\/monec\/?p=64041"},"modified":"2025-03-26T09:54:59","modified_gmt":"2025-03-26T15:54:59","slug":"alemania-se-opone-al-boicot-de-los-productos-estadounidenses-por-los-aranceles-de-trump","status":"publish","type":"post","link":"https:\/\/copades.com\/monec\/?p=64041","title":{"rendered":"Alemania se opone al boicot de los productos estadounidenses por los aranceles de Trump"},"content":{"rendered":"<p style=\"text-align: justify;\">El gobierno de Alemania rechaz\u00f3 este mi\u00e9rcoles los llamados a un boicot de los productos estadounidenses pese a los desacuerdos sobre los aranceles, diciendo que la mayor econom\u00eda de Europa quiere fomentar las buenas relaciones comerciales. Los funcionarios de la Uni\u00f3n Europea est\u00e1n tratando de aliviar las tensiones con Washington y evitar una guerra comercial mientras el presidente estadounidense, Donald Trump, se embarca en una ofensiva arancelaria que podr\u00eda llevar a medidas de represalia. \u00abEl gobierno alem\u00e1n est\u00e1 interesado en mantener buenas relaciones y tambi\u00e9n buenas relaciones comerciales con Estados Unidos. Estamos haciendo todo lo posible para conseguirlo\u00bb, dijo a la prensa el portavoz del gobierno, <strong>Steffen Hebestreit<\/strong>. \u00abNo necesitamos m\u00e1s barreras comerciales, necesitamos menos\u00bb, se\u00f1al\u00f3, a\u00f1adiendo que \u00aben este sentido, no estamos de acuerdo con tales demandas\u00bb. El comentario se hace eco de una advertencia del jefe de la asociaci\u00f3n alemana BGA, que representa a importadores y exportadores, quien dijo que un boicot a los productos estadounidenses ser\u00eda una \u00abrespuesta falsa\u00bb a los desacuerdos pol\u00edticos que podr\u00eda avivar un ciclo de represalias. \u00abNo debemos agravar una situaci\u00f3n ya de por s\u00ed compleja. En lugar de enzarzarnos en boicots, aranceles y contra aranceles, deber\u00edamos buscar el di\u00e1logo con Estados Unidos sobre las cuestiones comerciales transatl\u00e1nticas del futuro\u00bb, declar\u00f3 <strong>Dirk Jandura<\/strong>, presidente de la BGA. (forbescentroamerica.com 26.03.25)<\/p>\n","protected":false},"excerpt":{"rendered":"<p>El gobierno de Alemania rechaz\u00f3 este mi\u00e9rcoles los llamados a un boicot de los productos estadounidenses pese a los desacuerdos sobre los aranceles, diciendo que la mayor econom\u00eda de Europa quiere fomentar las buenas&#46;&#46;&#46;<\/p>\n","protected":false},"author":1,"featured_media":56041,"comment_status":"open","ping_status":"closed","sticky":false,"template":"","format":"standard","meta":{"footnotes":""},"categories":[55],"tags":[],"class_list":["post-64041","post","type-post","status-publish","format-standard","has-post-thumbnail","hentry","category-internacionales-seleccion"],"_links":{"self":[{"href":"https:\/\/copades.com\/monec\/index.php?rest_route=\/wp\/v2\/posts\/64041","targetHints":{"allow":["GET"]}}],"collection":[{"href":"https:\/\/copades.com\/monec\/index.php?rest_route=\/wp\/v2\/posts"}],"about":[{"href":"https:\/\/copades.com\/monec\/index.php?rest_route=\/wp\/v2\/types\/post"}],"author":[{"embeddable":true,"href":"https:\/\/copades.com\/monec\/index.php?rest_route=\/wp\/v2\/users\/1"}],"replies":[{"embeddable":true,"href":"https:\/\/copades.com\/monec\/index.php?rest_route=%2Fwp%2Fv2%2Fcomments&post=64041"}],"version-history":[{"count":1,"href":"https:\/\/copades.com\/monec\/index.php?rest_route=\/wp\/v2\/posts\/64041\/revisions"}],"predecessor-version":[{"id":64042,"href":"https:\/\/copades.com\/monec\/index.php?rest_route=\/wp\/v2\/posts\/64041\/revisions\/64042"}],"wp:featuredmedia":[{"embeddable":true,"href":"https:\/\/copades.com\/monec\/index.php?rest_route=\/wp\/v2\/media\/56041"}],"wp:attachment":[{"href":"https:\/\/copades.com\/monec\/index.php?rest_route=%2Fwp%2Fv2%2Fmedia&parent=64041"}],"wp:term":[{"taxonomy":"category","embeddable":true,"href":"https:\/\/copades.com\/monec\/index.php?rest_route=%2Fwp%2Fv2%2Fcategories&post=64041"},{"taxonomy":"post_tag","embeddable":true,"href":"https:\/\/copades.com\/monec\/index.php?rest_route=%2Fwp%2Fv2%2Ftags&post=64041"}],"curies":[{"name":"wp","href":"https:\/\/api.w.org\/{rel}","templated":true}]}}