{"id":64063,"date":"2025-03-28T10:40:27","date_gmt":"2025-03-28T16:40:27","guid":{"rendered":"https:\/\/copades.com\/monec\/?p=64063"},"modified":"2025-03-28T10:40:27","modified_gmt":"2025-03-28T16:40:27","slug":"avanza-viabilidad-del-metro","status":"publish","type":"post","link":"https:\/\/copades.com\/monec\/?p=64063","title":{"rendered":"Avanza viabilidad del metro"},"content":{"rendered":"<p style=\"text-align: justify;\">Autoridades del Ministerio de Finanzas P\u00fablicas (Minf\u00edn) se reunieron con delegados del Banco Mundial (BM) y representantes de distintas instituciones de gobierno, con el fin de efectuar tres jornadas de revisiones t\u00e9cnicas sobre el proyecto de metro de la ciudad capital, inform\u00f3 esa cartera. El viceministro de Administraci\u00f3n Financiera, <strong>W\u00e1lter Figueroa<\/strong>, explic\u00f3 que el encuentro llevado a cabo esta semana ha sido fruct\u00edfero, sobre todo en la b\u00fasqueda de la posibilidad de obtenci\u00f3n del capital para la construcci\u00f3n. \u201cRealmente echar a andar la primera fase del metro en Guatemala, que es uno de los legados que va a dejar el gobierno del presidente Bernardo Ar\u00e9valo, con lo cual la viabilidad del financiamiento nos da la certeza de que podemos avanzar con cierta estabilidad\u201d, afirm\u00f3 el funcionario. \u201cLa construcci\u00f3n y operaci\u00f3n de esa primera l\u00ednea contribuir\u00e1 al desfogue del tr\u00e1fico y crear un polo de desarrollo en los lugares por donde va a pasar\u201d, refiri\u00f3. \u201cEste va a ser uno de los grandes proyectos que no solo va a redundar en beneficio en tiempo y salud, sino tambi\u00e9n en detonar el crecimiento econ\u00f3mico\u201d, resalt\u00f3. (DCA 28.03.25)<\/p>\n","protected":false},"excerpt":{"rendered":"<p>Autoridades del Ministerio de Finanzas P\u00fablicas (Minf\u00edn) se reunieron con delegados del Banco Mundial (BM) y representantes de distintas instituciones de gobierno, con el fin de efectuar tres jornadas de revisiones t\u00e9cnicas sobre el&#46;&#46;&#46;<\/p>\n","protected":false},"author":1,"featured_media":60723,"comment_status":"open","ping_status":"closed","sticky":false,"template":"","format":"standard","meta":{"footnotes":""},"categories":[22],"tags":[],"class_list":["post-64063","post","type-post","status-publish","format-standard","has-post-thumbnail","hentry","category-transporte-y-almacenamiento"],"_links":{"self":[{"href":"https:\/\/copades.com\/monec\/index.php?rest_route=\/wp\/v2\/posts\/64063","targetHints":{"allow":["GET"]}}],"collection":[{"href":"https:\/\/copades.com\/monec\/index.php?rest_route=\/wp\/v2\/posts"}],"about":[{"href":"https:\/\/copades.com\/monec\/index.php?rest_route=\/wp\/v2\/types\/post"}],"author":[{"embeddable":true,"href":"https:\/\/copades.com\/monec\/index.php?rest_route=\/wp\/v2\/users\/1"}],"replies":[{"embeddable":true,"href":"https:\/\/copades.com\/monec\/index.php?rest_route=%2Fwp%2Fv2%2Fcomments&post=64063"}],"version-history":[{"count":1,"href":"https:\/\/copades.com\/monec\/index.php?rest_route=\/wp\/v2\/posts\/64063\/revisions"}],"predecessor-version":[{"id":64064,"href":"https:\/\/copades.com\/monec\/index.php?rest_route=\/wp\/v2\/posts\/64063\/revisions\/64064"}],"wp:featuredmedia":[{"embeddable":true,"href":"https:\/\/copades.com\/monec\/index.php?rest_route=\/wp\/v2\/media\/60723"}],"wp:attachment":[{"href":"https:\/\/copades.com\/monec\/index.php?rest_route=%2Fwp%2Fv2%2Fmedia&parent=64063"}],"wp:term":[{"taxonomy":"category","embeddable":true,"href":"https:\/\/copades.com\/monec\/index.php?rest_route=%2Fwp%2Fv2%2Fcategories&post=64063"},{"taxonomy":"post_tag","embeddable":true,"href":"https:\/\/copades.com\/monec\/index.php?rest_route=%2Fwp%2Fv2%2Ftags&post=64063"}],"curies":[{"name":"wp","href":"https:\/\/api.w.org\/{rel}","templated":true}]}}