{"id":64225,"date":"2025-04-08T10:10:18","date_gmt":"2025-04-08T16:10:18","guid":{"rendered":"https:\/\/copades.com\/monec\/?p=64225"},"modified":"2025-04-08T10:10:18","modified_gmt":"2025-04-08T16:10:18","slug":"bernardo-arevalo-anuncia-reunion-con-sector-privado-para-negociar-con-ee-uu-aranceles-de-trump","status":"publish","type":"post","link":"https:\/\/copades.com\/monec\/?p=64225","title":{"rendered":"Bernardo Ar\u00e9valo anuncia reuni\u00f3n con sector privado para negociar con EE.UU. aranceles de Trump"},"content":{"rendered":"<p style=\"text-align: justify;\">El presidente <strong>Bernardo Ar\u00e9valo<\/strong> anunci\u00f3 que ante la imposici\u00f3n arancelaria de su hom\u00f3logo de EE.UU., <strong>Donald Trump<\/strong>, el sector privado y el gobierno unir\u00e1n fuerzas para negociar la posibilidad de la reducci\u00f3n de los aranceles o su eliminaci\u00f3n. Ar\u00e9valo record\u00f3 en conferencia de prensa que la medida global de aranceles hab\u00eda sido anunciada y faltaba conocer los detalles. No obstante, recalc\u00f3 que Guatemala se encuentra entre los pa\u00edses que tiene la tasa global m\u00e1s baja, es decir, que Guatemala es de los pa\u00edses que van a pagar menos aranceles. \u00abNos corresponde como pa\u00eds ver c\u00f3mo vamos a navegar en esta nueva realidad y como podremos aprovechar el nuevo entorno\u00bb, expres\u00f3. Asimismo, Ar\u00e9valo indic\u00f3 que su gobierno, a trav\u00e9s de la embajada en Washington D.C. ya estableci\u00f3 contacto con el representante de comercio de Estados Unidos. En ese sentido, el embajador <strong>Hugo Beteta<\/strong> se encuentra estableciendo la comunicaci\u00f3n con el gobierno de Trump para buscar las posibilidades de negociaci\u00f3n y posibilidades de eliminaci\u00f3n de aranceles. Ar\u00e9valo reconoci\u00f3 que el panorama ha generado incertidumbre, en especial de aquellas empresas que tienen relaciones comerciales con EE.UU. Los desaf\u00edos que enfrentamos se dan en el marco de una relaci\u00f3n con los EE.UU. que atraviesa una etapa de mucha aproximaci\u00f3n y de confianza. En ese marco se establecer\u00e1n las conversaciones\u00bb, puntualiz\u00f3. A la vez, hizo un llamado para actuar con calma y confianza en que el desaf\u00edo se convierta en oportunidad y saber aprovechar las oportunidades. (LH 08.04.25)<\/p>\n","protected":false},"excerpt":{"rendered":"<p>El presidente Bernardo Ar\u00e9valo anunci\u00f3 que ante la imposici\u00f3n arancelaria de su hom\u00f3logo de EE.UU., Donald Trump, el sector privado y el gobierno unir\u00e1n fuerzas para negociar la posibilidad de la reducci\u00f3n de los&#46;&#46;&#46;<\/p>\n","protected":false},"author":1,"featured_media":63247,"comment_status":"open","ping_status":"closed","sticky":false,"template":"","format":"standard","meta":{"footnotes":""},"categories":[24],"tags":[],"class_list":["post-64225","post","type-post","status-publish","format-standard","has-post-thumbnail","hentry","category-comercio-exterior"],"_links":{"self":[{"href":"https:\/\/copades.com\/monec\/index.php?rest_route=\/wp\/v2\/posts\/64225","targetHints":{"allow":["GET"]}}],"collection":[{"href":"https:\/\/copades.com\/monec\/index.php?rest_route=\/wp\/v2\/posts"}],"about":[{"href":"https:\/\/copades.com\/monec\/index.php?rest_route=\/wp\/v2\/types\/post"}],"author":[{"embeddable":true,"href":"https:\/\/copades.com\/monec\/index.php?rest_route=\/wp\/v2\/users\/1"}],"replies":[{"embeddable":true,"href":"https:\/\/copades.com\/monec\/index.php?rest_route=%2Fwp%2Fv2%2Fcomments&post=64225"}],"version-history":[{"count":1,"href":"https:\/\/copades.com\/monec\/index.php?rest_route=\/wp\/v2\/posts\/64225\/revisions"}],"predecessor-version":[{"id":64226,"href":"https:\/\/copades.com\/monec\/index.php?rest_route=\/wp\/v2\/posts\/64225\/revisions\/64226"}],"wp:featuredmedia":[{"embeddable":true,"href":"https:\/\/copades.com\/monec\/index.php?rest_route=\/wp\/v2\/media\/63247"}],"wp:attachment":[{"href":"https:\/\/copades.com\/monec\/index.php?rest_route=%2Fwp%2Fv2%2Fmedia&parent=64225"}],"wp:term":[{"taxonomy":"category","embeddable":true,"href":"https:\/\/copades.com\/monec\/index.php?rest_route=%2Fwp%2Fv2%2Fcategories&post=64225"},{"taxonomy":"post_tag","embeddable":true,"href":"https:\/\/copades.com\/monec\/index.php?rest_route=%2Fwp%2Fv2%2Ftags&post=64225"}],"curies":[{"name":"wp","href":"https:\/\/api.w.org\/{rel}","templated":true}]}}