{"id":64332,"date":"2025-04-23T10:06:30","date_gmt":"2025-04-23T16:06:30","guid":{"rendered":"https:\/\/copades.com\/monec\/?p=64332"},"modified":"2025-04-23T10:06:30","modified_gmt":"2025-04-23T16:06:30","slug":"centroamerica-crecera-un-3-9-en-2025-segun-estima-el-fmi","status":"publish","type":"post","link":"https:\/\/copades.com\/monec\/?p=64332","title":{"rendered":"Centroam\u00e9rica crecer\u00e1 un 3.9% en 2025, seg\u00fan estima el FMI"},"content":{"rendered":"<p>Centroam\u00e9rica tendr\u00e1 un crecimiento del 3.9%, de acuerdo con el Informe de Perspectivas de la Econom\u00eda Mundial (WEO en ingl\u00e9s), que present\u00f3 este martes el Fondo Monetario Internacional (FMI). Adem\u00e1s, el FMI rebaj\u00f3 medio punto su proyecci\u00f3n de crecimiento para Am\u00e9rica Latina y el Caribe para 2025, del 2.5% que estimaba en enero pasado al 2%. La regi\u00f3n afronta un entorno global adverso, caracterizado por una alta incertidumbre en pol\u00edtica comercial, fragmentaci\u00f3n geopol\u00edtica y endurecimiento de las condiciones financieras. En consecuencia, el crecimiento del PIB regional bajar\u00e1 al 2% este a\u00f1o, aunque se recuperar\u00e1 en 2026 con un avance del 2.4%, la misma tasa que el a\u00f1o pasado. El FMI prev\u00e9 una fuerte desaceleraci\u00f3n de la inflaci\u00f3n desde una media del 16.6% en 2024 al 7.2% en 2025 y el 4.8% en 2026, en parte gracias a los ajustes en Argentina y Venezuela. Esta tendencia refleja una estabilizaci\u00f3n de precios en las econom\u00edas m\u00e1s grandes de la regi\u00f3n. La regi\u00f3n presenta una alta heterogeneidad. Sudam\u00e9rica es la subregi\u00f3n con mayor inflaci\u00f3n, afectada sobre todo por Argentina y Venezuela, mientras que Centroam\u00e9rica mantiene un crecimiento m\u00e1s estable, cercano al 4%, con inflaci\u00f3n contenida y d\u00e9ficits externos manejables. El Caribe registrar\u00e1 altas tasas de crecimiento debido a la recuperaci\u00f3n del turismo, aunque sus econom\u00edas siguen siendo vulnerables a \u201cshocks\u201d externos. Am\u00e9rica Latina sigue lidiando con problemas estructurales como la alta desigualdad, su rigidez fiscal, baja productividad y dependencia de materias primas. Adem\u00e1s, la coyuntura actual y el creciente proteccionismo comercial en todo el mundo agravan estos desaf\u00edos. (eleconomista.net 23.04.25)<\/p>\n","protected":false},"excerpt":{"rendered":"<p>Centroam\u00e9rica tendr\u00e1 un crecimiento del 3.9%, de acuerdo con el Informe de Perspectivas de la Econom\u00eda Mundial (WEO en ingl\u00e9s), que present\u00f3 este martes el Fondo Monetario Internacional (FMI). Adem\u00e1s, el FMI rebaj\u00f3 medio&#46;&#46;&#46;<\/p>\n","protected":false},"author":1,"featured_media":58310,"comment_status":"open","ping_status":"closed","sticky":false,"template":"","format":"standard","meta":{"footnotes":""},"categories":[54],"tags":[],"class_list":["post-64332","post","type-post","status-publish","format-standard","has-post-thumbnail","hentry","category-centroamerica-seleccion"],"_links":{"self":[{"href":"https:\/\/copades.com\/monec\/index.php?rest_route=\/wp\/v2\/posts\/64332","targetHints":{"allow":["GET"]}}],"collection":[{"href":"https:\/\/copades.com\/monec\/index.php?rest_route=\/wp\/v2\/posts"}],"about":[{"href":"https:\/\/copades.com\/monec\/index.php?rest_route=\/wp\/v2\/types\/post"}],"author":[{"embeddable":true,"href":"https:\/\/copades.com\/monec\/index.php?rest_route=\/wp\/v2\/users\/1"}],"replies":[{"embeddable":true,"href":"https:\/\/copades.com\/monec\/index.php?rest_route=%2Fwp%2Fv2%2Fcomments&post=64332"}],"version-history":[{"count":1,"href":"https:\/\/copades.com\/monec\/index.php?rest_route=\/wp\/v2\/posts\/64332\/revisions"}],"predecessor-version":[{"id":64333,"href":"https:\/\/copades.com\/monec\/index.php?rest_route=\/wp\/v2\/posts\/64332\/revisions\/64333"}],"wp:featuredmedia":[{"embeddable":true,"href":"https:\/\/copades.com\/monec\/index.php?rest_route=\/wp\/v2\/media\/58310"}],"wp:attachment":[{"href":"https:\/\/copades.com\/monec\/index.php?rest_route=%2Fwp%2Fv2%2Fmedia&parent=64332"}],"wp:term":[{"taxonomy":"category","embeddable":true,"href":"https:\/\/copades.com\/monec\/index.php?rest_route=%2Fwp%2Fv2%2Fcategories&post=64332"},{"taxonomy":"post_tag","embeddable":true,"href":"https:\/\/copades.com\/monec\/index.php?rest_route=%2Fwp%2Fv2%2Ftags&post=64332"}],"curies":[{"name":"wp","href":"https:\/\/api.w.org\/{rel}","templated":true}]}}