{"id":6452,"date":"2013-05-01T15:33:13","date_gmt":"2013-05-01T15:33:13","guid":{"rendered":"http:\/\/copades.com\/monec\/?p=6452"},"modified":"2013-05-02T15:34:03","modified_gmt":"2013-05-02T15:34:03","slug":"desempleo-se-incrementa","status":"publish","type":"post","link":"https:\/\/copades.com\/monec\/?p=6452","title":{"rendered":"Desempleo se incrementa"},"content":{"rendered":"<p style=\"text-align: justify;\">El desempleo en la zona del euro subi\u00f3 una d\u00e9cima en marzo respecto del mes anterior, y alcanz\u00f3 el nuevo m\u00e1ximo hist\u00f3rico del 12.10%, inform\u00f3 el 30 de abril la oficina comunitaria de estad\u00edstica, <em>Eurostat<\/em>. En el conjunto de la Uni\u00f3n Europea (UE), el indicador se mantuvo estable en la cifra r\u00e9cord del 10.90%, mientras que Espa\u00f1a registr\u00f3 una subida de dos d\u00e9cimas y lleg\u00f3 al 26.70%. En marzo hab\u00eda en la UE 26.52 millones de desempleados, de los cuales 19.21 millones correspond\u00edan a la zona del euro, lo que supone aumentos de 69 mil y 62 mil personas en comparaci\u00f3n con febrero. (Prensa Libre\/El Periodico 01.05.13)<\/p>\n","protected":false},"excerpt":{"rendered":"<p>El desempleo en la zona del euro subi\u00f3 una d\u00e9cima en marzo respecto del mes anterior, y alcanz\u00f3 el nuevo m\u00e1ximo hist\u00f3rico del 12.10%, inform\u00f3 el 30 de abril la oficina comunitaria de estad\u00edstica,&#46;&#46;&#46;<\/p>\n","protected":false},"author":1,"featured_media":0,"comment_status":"open","ping_status":"closed","sticky":false,"template":"","format":"standard","meta":{"footnotes":""},"categories":[55],"tags":[447],"class_list":["post-6452","post","type-post","status-publish","format-standard","hentry","category-internacionales-seleccion","tag-eurostat"],"_links":{"self":[{"href":"https:\/\/copades.com\/monec\/index.php?rest_route=\/wp\/v2\/posts\/6452","targetHints":{"allow":["GET"]}}],"collection":[{"href":"https:\/\/copades.com\/monec\/index.php?rest_route=\/wp\/v2\/posts"}],"about":[{"href":"https:\/\/copades.com\/monec\/index.php?rest_route=\/wp\/v2\/types\/post"}],"author":[{"embeddable":true,"href":"https:\/\/copades.com\/monec\/index.php?rest_route=\/wp\/v2\/users\/1"}],"replies":[{"embeddable":true,"href":"https:\/\/copades.com\/monec\/index.php?rest_route=%2Fwp%2Fv2%2Fcomments&post=6452"}],"version-history":[{"count":1,"href":"https:\/\/copades.com\/monec\/index.php?rest_route=\/wp\/v2\/posts\/6452\/revisions"}],"predecessor-version":[{"id":6453,"href":"https:\/\/copades.com\/monec\/index.php?rest_route=\/wp\/v2\/posts\/6452\/revisions\/6453"}],"wp:attachment":[{"href":"https:\/\/copades.com\/monec\/index.php?rest_route=%2Fwp%2Fv2%2Fmedia&parent=6452"}],"wp:term":[{"taxonomy":"category","embeddable":true,"href":"https:\/\/copades.com\/monec\/index.php?rest_route=%2Fwp%2Fv2%2Fcategories&post=6452"},{"taxonomy":"post_tag","embeddable":true,"href":"https:\/\/copades.com\/monec\/index.php?rest_route=%2Fwp%2Fv2%2Ftags&post=6452"}],"curies":[{"name":"wp","href":"https:\/\/api.w.org\/{rel}","templated":true}]}}