{"id":64731,"date":"2025-05-16T10:11:33","date_gmt":"2025-05-16T16:11:33","guid":{"rendered":"https:\/\/copades.com\/monec\/?p=64731"},"modified":"2025-05-16T10:11:33","modified_gmt":"2025-05-16T16:11:33","slug":"gobierno-lanza-licitacion-internacional-para-ampliar-carretera-entre-el-rancho-y-teculutan","status":"publish","type":"post","link":"https:\/\/copades.com\/monec\/?p=64731","title":{"rendered":"Gobierno lanza licitaci\u00f3n internacional para ampliar carretera entre El Rancho y Teculut\u00e1n"},"content":{"rendered":"<p style=\"text-align: justify;\">El Ministerio de Comunicaciones lanz\u00f3 la licitaci\u00f3n internacional para la ampliaci\u00f3n a cuatro carriles de la carretera que conecta El Rancho, en el departamento de El Progreso, con el municipio de Teculut\u00e1n, en Zacapa. El proyecto contempla la rehabilitaci\u00f3n y ampliaci\u00f3n de un tramo de 31 kil\u00f3metros de la ruta CA-9 Norte. Ser\u00e1 financiado mediante un pr\u00e9stamo de US$75 millones otorgado por el Banco Interamericano de Desarrollo (BID) y un convenio con el Instituto de Cr\u00e9dito Oficial de Espa\u00f1a por US$100 millones, que en su totalidad equivalen a m\u00e1s de Q1,350 millones, fondos que fueron aprobados por el Congreso en octubre del a\u00f1o pasado. El Ministerio de Comunicaciones inform\u00f3 que los trabajos iniciar\u00e1n a principios de 2026 y tendr\u00e1n una duraci\u00f3n estimada de 36 meses. Las obras cubrir\u00e1n desde el kil\u00f3metro 85.3 en El Rancho hasta el kil\u00f3metro 120.3, en el ingreso a Teculut\u00e1n. Esta primera fase no contempla el libramiento anunciado en etapas previas, ya que su construcci\u00f3n requiere primero la habilitaci\u00f3n de los cuatro carriles, de acuerdo con los estudios t\u00e9cnicos del CIV. Esta iniciativa forma parte del proceso de modernizaci\u00f3n de la ruta al Atl\u00e1ntico, que comenz\u00f3 en 2006 con financiamiento de Taiw\u00e1n. Desde entonces, se realizaron mejoras en la capa asf\u00e1ltica, se\u00f1alizaci\u00f3n y otros aspectos. No fue sino hasta 2015 que comenz\u00f3 la ampliaci\u00f3n a cuatro carriles entre la ciudad capital y El Rancho, obras que concluyeron en 2020 tras numerosos atrasos provocados por 46 litigios por derecho de v\u00eda. Esta experiencia podr\u00eda repetirse en el nuevo tramo. La licitaci\u00f3n fue publicada en Guatecompras el 8 de mayo y se present\u00f3 ayer. (PL 16.05.25)<\/p>\n","protected":false},"excerpt":{"rendered":"<p>El Ministerio de Comunicaciones lanz\u00f3 la licitaci\u00f3n internacional para la ampliaci\u00f3n a cuatro carriles de la carretera que conecta El Rancho, en el departamento de El Progreso, con el municipio de Teculut\u00e1n, en Zacapa.&#46;&#46;&#46;<\/p>\n","protected":false},"author":1,"featured_media":58478,"comment_status":"open","ping_status":"closed","sticky":false,"template":"","format":"standard","meta":{"footnotes":""},"categories":[11],"tags":[],"class_list":["post-64731","post","type-post","status-publish","format-standard","has-post-thumbnail","hentry","category-construccion-e-infraestructura"],"_links":{"self":[{"href":"https:\/\/copades.com\/monec\/index.php?rest_route=\/wp\/v2\/posts\/64731","targetHints":{"allow":["GET"]}}],"collection":[{"href":"https:\/\/copades.com\/monec\/index.php?rest_route=\/wp\/v2\/posts"}],"about":[{"href":"https:\/\/copades.com\/monec\/index.php?rest_route=\/wp\/v2\/types\/post"}],"author":[{"embeddable":true,"href":"https:\/\/copades.com\/monec\/index.php?rest_route=\/wp\/v2\/users\/1"}],"replies":[{"embeddable":true,"href":"https:\/\/copades.com\/monec\/index.php?rest_route=%2Fwp%2Fv2%2Fcomments&post=64731"}],"version-history":[{"count":1,"href":"https:\/\/copades.com\/monec\/index.php?rest_route=\/wp\/v2\/posts\/64731\/revisions"}],"predecessor-version":[{"id":64732,"href":"https:\/\/copades.com\/monec\/index.php?rest_route=\/wp\/v2\/posts\/64731\/revisions\/64732"}],"wp:featuredmedia":[{"embeddable":true,"href":"https:\/\/copades.com\/monec\/index.php?rest_route=\/wp\/v2\/media\/58478"}],"wp:attachment":[{"href":"https:\/\/copades.com\/monec\/index.php?rest_route=%2Fwp%2Fv2%2Fmedia&parent=64731"}],"wp:term":[{"taxonomy":"category","embeddable":true,"href":"https:\/\/copades.com\/monec\/index.php?rest_route=%2Fwp%2Fv2%2Fcategories&post=64731"},{"taxonomy":"post_tag","embeddable":true,"href":"https:\/\/copades.com\/monec\/index.php?rest_route=%2Fwp%2Fv2%2Ftags&post=64731"}],"curies":[{"name":"wp","href":"https:\/\/api.w.org\/{rel}","templated":true}]}}