{"id":64753,"date":"2025-05-16T10:24:39","date_gmt":"2025-05-16T16:24:39","guid":{"rendered":"https:\/\/copades.com\/monec\/?p=64753"},"modified":"2025-05-16T10:24:39","modified_gmt":"2025-05-16T16:24:39","slug":"el-nuevo-gobierno-de-canada-baja-los-impuestos-tras-su-primera-reunion","status":"publish","type":"post","link":"https:\/\/copades.com\/monec\/?p=64753","title":{"rendered":"El nuevo gobierno de Canad\u00e1 baja los impuestos tras su primera reuni\u00f3n"},"content":{"rendered":"<p style=\"text-align: justify;\">El Primer Ministro Canadiense, <strong>Mark Carney<\/strong>, tuvo su primera reuni\u00f3n con el nuevo Gobierno canadiense el pasado mi\u00e9rcoles, donde anunci\u00f3 una bajada en los impuestos, que pude beneficiar a 22 millones de ciudadanos canadienses. Carney firm\u00f3 la bajada de impuestos al finalizar la reuni\u00f3n de inauguraci\u00f3n de su gabinete, el cual tom\u00f3 posesi\u00f3n el pasado martes en Ottawa y que est\u00e1 formado por 28 ministros y 10 secretarios de Estado. \u00abEstamos actuando hoy para que el 1 de julio, tal y como prometimos, entre en vigor esa rebaja fiscal para la clase media que reducir\u00e1 los impuestos a 22 millones de canadienses que pagan impuestos federales. Estamos actuando para mejorar la asequibilidad mientras trabajamos para reforzar esta econom\u00eda\u00bb, indic\u00f3 el Primer Ministro Carney. El nuevo ministro de Finanzas canadiense, Fran\u00e7ois-Philippe Champagne, explic\u00f3 que la rebaja fiscal supondr\u00e1 un ahorro de 840 d\u00f3lares canadienses al a\u00f1o (600 d\u00f3lares estadounidenses o 537 euros) para una familia en la que dos personas trabajan. \u00abEsto env\u00eda un mensaje claro y contundente a los canadienses y es que entendemos que una de sus principales preocupaciones es el coste de la vida\u00bb, dijo Champagne. Por otra parte, la nueva ministra de Industria de Canad\u00e1, <strong>M\u00e9lanie Joly<\/strong>, se\u00f1al\u00f3 que ten\u00eda programado conversar este mi\u00e9rcoles con Honda tras el anuncio ayer del fabricante japon\u00e9s de autom\u00f3viles que retrasar\u00e1 al menos dos a\u00f1os la inversi\u00f3n de unos 15 mil millones de d\u00f3lares canadienses para fabricar veh\u00edculos el\u00e9ctricos (VE) y sus componentes en el pa\u00eds. (LH 16.05.25)<\/p>\n","protected":false},"excerpt":{"rendered":"<p>El Primer Ministro Canadiense, Mark Carney, tuvo su primera reuni\u00f3n con el nuevo Gobierno canadiense el pasado mi\u00e9rcoles, donde anunci\u00f3 una bajada en los impuestos, que pude beneficiar a 22 millones de ciudadanos canadienses.&#46;&#46;&#46;<\/p>\n","protected":false},"author":1,"featured_media":58660,"comment_status":"open","ping_status":"closed","sticky":false,"template":"","format":"standard","meta":{"footnotes":""},"categories":[55],"tags":[],"class_list":["post-64753","post","type-post","status-publish","format-standard","has-post-thumbnail","hentry","category-internacionales-seleccion"],"_links":{"self":[{"href":"https:\/\/copades.com\/monec\/index.php?rest_route=\/wp\/v2\/posts\/64753","targetHints":{"allow":["GET"]}}],"collection":[{"href":"https:\/\/copades.com\/monec\/index.php?rest_route=\/wp\/v2\/posts"}],"about":[{"href":"https:\/\/copades.com\/monec\/index.php?rest_route=\/wp\/v2\/types\/post"}],"author":[{"embeddable":true,"href":"https:\/\/copades.com\/monec\/index.php?rest_route=\/wp\/v2\/users\/1"}],"replies":[{"embeddable":true,"href":"https:\/\/copades.com\/monec\/index.php?rest_route=%2Fwp%2Fv2%2Fcomments&post=64753"}],"version-history":[{"count":1,"href":"https:\/\/copades.com\/monec\/index.php?rest_route=\/wp\/v2\/posts\/64753\/revisions"}],"predecessor-version":[{"id":64754,"href":"https:\/\/copades.com\/monec\/index.php?rest_route=\/wp\/v2\/posts\/64753\/revisions\/64754"}],"wp:featuredmedia":[{"embeddable":true,"href":"https:\/\/copades.com\/monec\/index.php?rest_route=\/wp\/v2\/media\/58660"}],"wp:attachment":[{"href":"https:\/\/copades.com\/monec\/index.php?rest_route=%2Fwp%2Fv2%2Fmedia&parent=64753"}],"wp:term":[{"taxonomy":"category","embeddable":true,"href":"https:\/\/copades.com\/monec\/index.php?rest_route=%2Fwp%2Fv2%2Fcategories&post=64753"},{"taxonomy":"post_tag","embeddable":true,"href":"https:\/\/copades.com\/monec\/index.php?rest_route=%2Fwp%2Fv2%2Ftags&post=64753"}],"curies":[{"name":"wp","href":"https:\/\/api.w.org\/{rel}","templated":true}]}}