{"id":64844,"date":"2025-05-21T10:30:13","date_gmt":"2025-05-21T16:30:13","guid":{"rendered":"https:\/\/copades.com\/monec\/?p=64844"},"modified":"2025-05-21T10:30:13","modified_gmt":"2025-05-21T16:30:13","slug":"el-costo-de-la-generacion-de-energia-en-el-salvador-subio-7-5-en-abril","status":"publish","type":"post","link":"https:\/\/copades.com\/monec\/?p=64844","title":{"rendered":"El costo de la generaci\u00f3n de energ\u00eda en El Salvador subi\u00f3 7.5% en abril"},"content":{"rendered":"<p style=\"text-align: justify;\">El costo promedio de la generaci\u00f3n del megavatio hora (MWh) en abril fue de $114.96, el precio m\u00e1s alto en lo que va del a\u00f1o, seg\u00fan un informe de la Unidad de Transacciones (UT), que administra el despacho de energ\u00eda por cada generador. Este costo es 7.5% m\u00e1s alto que el de marzo pasado cuando su precio promedio fue de $106.92 y tambi\u00e9n representa un aumento del 23.6% en el acumulado del a\u00f1o, pues la generaci\u00f3n del megavatio cost\u00f3 $93.56 en enero y $94.58 en febrero. Pero al comparar el costo de generaci\u00f3n con abril de 2024, la UT muestra que hay una disminuci\u00f3n de 15.6% pues en esa misma fecha, el precio fue de $136.36. Estos valores son claves para determinar el precio de la energ\u00eda que paga el consumidor final pues se basan en el costo de producci\u00f3n que tiene cada generador.\u00a0 Las centrales hidroel\u00e9ctricas tienen un costo de generaci\u00f3n m\u00e1s alto cuando llega el verano o hay sequ\u00edas, mientras que las centrales t\u00e9rmicas tienden a incrementar su costo de generaci\u00f3n cuando el precio del petr\u00f3leo sube.\u00a0Seg\u00fan el informe de la UT, en abril, es el gas natural el recurso que m\u00e1s se us\u00f3 para generar energ\u00eda, con una participaci\u00f3n del 33.58% de la matriz energ\u00e9tica.\u00a0Le sigui\u00f3 la energ\u00eda geot\u00e9rmica (19.25%) y luego la energ\u00eda de las plantas hidroel\u00e9ctricas (14.19%), mientras que la energ\u00eda producida con b\u00fanker solo tuvo una participaci\u00f3n de 8.64%.\u00a0La actividad ca\u00f1era aport\u00f3 el 11.1% de\u00a0la generaci\u00f3n, mientras que otros recursos como el solar, el e\u00f3lico y las importaciones aportaron menos del 8.37%. (eleconomista.net 21.05.25)<\/p>\n","protected":false},"excerpt":{"rendered":"<p>El costo promedio de la generaci\u00f3n del megavatio hora (MWh) en abril fue de $114.96, el precio m\u00e1s alto en lo que va del a\u00f1o, seg\u00fan un informe de la Unidad de Transacciones (UT),&#46;&#46;&#46;<\/p>\n","protected":false},"author":1,"featured_media":58507,"comment_status":"open","ping_status":"closed","sticky":false,"template":"","format":"standard","meta":{"footnotes":""},"categories":[54],"tags":[],"class_list":["post-64844","post","type-post","status-publish","format-standard","has-post-thumbnail","hentry","category-centroamerica-seleccion"],"_links":{"self":[{"href":"https:\/\/copades.com\/monec\/index.php?rest_route=\/wp\/v2\/posts\/64844","targetHints":{"allow":["GET"]}}],"collection":[{"href":"https:\/\/copades.com\/monec\/index.php?rest_route=\/wp\/v2\/posts"}],"about":[{"href":"https:\/\/copades.com\/monec\/index.php?rest_route=\/wp\/v2\/types\/post"}],"author":[{"embeddable":true,"href":"https:\/\/copades.com\/monec\/index.php?rest_route=\/wp\/v2\/users\/1"}],"replies":[{"embeddable":true,"href":"https:\/\/copades.com\/monec\/index.php?rest_route=%2Fwp%2Fv2%2Fcomments&post=64844"}],"version-history":[{"count":1,"href":"https:\/\/copades.com\/monec\/index.php?rest_route=\/wp\/v2\/posts\/64844\/revisions"}],"predecessor-version":[{"id":64845,"href":"https:\/\/copades.com\/monec\/index.php?rest_route=\/wp\/v2\/posts\/64844\/revisions\/64845"}],"wp:featuredmedia":[{"embeddable":true,"href":"https:\/\/copades.com\/monec\/index.php?rest_route=\/wp\/v2\/media\/58507"}],"wp:attachment":[{"href":"https:\/\/copades.com\/monec\/index.php?rest_route=%2Fwp%2Fv2%2Fmedia&parent=64844"}],"wp:term":[{"taxonomy":"category","embeddable":true,"href":"https:\/\/copades.com\/monec\/index.php?rest_route=%2Fwp%2Fv2%2Fcategories&post=64844"},{"taxonomy":"post_tag","embeddable":true,"href":"https:\/\/copades.com\/monec\/index.php?rest_route=%2Fwp%2Fv2%2Ftags&post=64844"}],"curies":[{"name":"wp","href":"https:\/\/api.w.org\/{rel}","templated":true}]}}