{"id":65110,"date":"2025-06-03T10:08:06","date_gmt":"2025-06-03T16:08:06","guid":{"rendered":"https:\/\/copades.com\/monec\/?p=65110"},"modified":"2025-06-03T10:08:06","modified_gmt":"2025-06-03T16:08:06","slug":"costa-rica-senala-la-falta-de-integracion-para-explicar-la-baja-inversion-en-latinoamerica","status":"publish","type":"post","link":"https:\/\/copades.com\/monec\/?p=65110","title":{"rendered":"Costa Rica se\u00f1ala la falta de integraci\u00f3n para explicar la baja inversi\u00f3n en Latinoam\u00e9rica"},"content":{"rendered":"<p style=\"text-align: justify;\">El ministro costarricense del Comercio Exterior, <strong>Manuel Tovar<\/strong>, se\u00f1al\u00f3 este lunes la falta de integraci\u00f3n econ\u00f3mica de Latinoam\u00e9rica y el Caribe as\u00ed como a una insuficiente sensaci\u00f3n de confianza para explicar el bajo nivel de inversiones en la regi\u00f3n, que es uno de sus principales problemas econ\u00f3micos. Tovar, que particip\u00f3 en la decimos\u00e9ptima edici\u00f3n del Foro Econ\u00f3mico Internacional de la OCDE sobre Latinoam\u00e9rica y el Caribe, subray\u00f3 que ese territorio \u201csigue muy por detr\u00e1s de otras regiones del mundo\u201d en la atracci\u00f3n de inversiones. Lo atribuy\u00f3 en primer lugar al hecho de que \u201ctenemos una integraci\u00f3n econ\u00f3mica no tan fuerte\u201d y los esfuerzos para ir m\u00e1s lejos en ese terreno \u201csiguen siendo d\u00e9biles\u201d. El titular costarricense de Comercio Exterior, que como tal encabeza la delegaci\u00f3n de su pa\u00eds en la reuni\u00f3n ministerial de la OCDE que empieza ma\u00f1ana, y que este a\u00f1o preside su pa\u00eds, tambi\u00e9n insisti\u00f3 en que para captar capitales hace falta \u201cconfianza\u201d y \u201ces ah\u00ed donde tenemos que avanzar\u201d y \u201cpensar de forma m\u00e1s pragm\u00e1tica\u201d. Como el tema de este a\u00f1o del foro es la financiaci\u00f3n de inversiones sostenibles, el secretario general de la organizaci\u00f3n, <strong>Mathias Cormann<\/strong>, se centr\u00f3 en su discurso de apertura en esa cuesti\u00f3n, y sobre todo en subrayar las carencias que sufre la regi\u00f3n, que la hacen menos atractiva para captar capitales. Hizo hincapi\u00e9 en que es un mercado muy fragmentado y coment\u00f3 que la capitalizaci\u00f3n burs\u00e1til all\u00ed \u00fanicamente representa el 36% de su producto interior bruto (PIB) cuando de media en la OCDE supone el 66%. (forbescentroamerica.com 04.06.25)<\/p>\n","protected":false},"excerpt":{"rendered":"<p>El ministro costarricense del Comercio Exterior, Manuel Tovar, se\u00f1al\u00f3 este lunes la falta de integraci\u00f3n econ\u00f3mica de Latinoam\u00e9rica y el Caribe as\u00ed como a una insuficiente sensaci\u00f3n de confianza para explicar el bajo nivel&#46;&#46;&#46;<\/p>\n","protected":false},"author":1,"featured_media":59143,"comment_status":"open","ping_status":"closed","sticky":false,"template":"","format":"standard","meta":{"footnotes":""},"categories":[55],"tags":[],"class_list":["post-65110","post","type-post","status-publish","format-standard","has-post-thumbnail","hentry","category-internacionales-seleccion"],"_links":{"self":[{"href":"https:\/\/copades.com\/monec\/index.php?rest_route=\/wp\/v2\/posts\/65110","targetHints":{"allow":["GET"]}}],"collection":[{"href":"https:\/\/copades.com\/monec\/index.php?rest_route=\/wp\/v2\/posts"}],"about":[{"href":"https:\/\/copades.com\/monec\/index.php?rest_route=\/wp\/v2\/types\/post"}],"author":[{"embeddable":true,"href":"https:\/\/copades.com\/monec\/index.php?rest_route=\/wp\/v2\/users\/1"}],"replies":[{"embeddable":true,"href":"https:\/\/copades.com\/monec\/index.php?rest_route=%2Fwp%2Fv2%2Fcomments&post=65110"}],"version-history":[{"count":1,"href":"https:\/\/copades.com\/monec\/index.php?rest_route=\/wp\/v2\/posts\/65110\/revisions"}],"predecessor-version":[{"id":65111,"href":"https:\/\/copades.com\/monec\/index.php?rest_route=\/wp\/v2\/posts\/65110\/revisions\/65111"}],"wp:featuredmedia":[{"embeddable":true,"href":"https:\/\/copades.com\/monec\/index.php?rest_route=\/wp\/v2\/media\/59143"}],"wp:attachment":[{"href":"https:\/\/copades.com\/monec\/index.php?rest_route=%2Fwp%2Fv2%2Fmedia&parent=65110"}],"wp:term":[{"taxonomy":"category","embeddable":true,"href":"https:\/\/copades.com\/monec\/index.php?rest_route=%2Fwp%2Fv2%2Fcategories&post=65110"},{"taxonomy":"post_tag","embeddable":true,"href":"https:\/\/copades.com\/monec\/index.php?rest_route=%2Fwp%2Fv2%2Ftags&post=65110"}],"curies":[{"name":"wp","href":"https:\/\/api.w.org\/{rel}","templated":true}]}}