{"id":65299,"date":"2025-06-11T10:36:52","date_gmt":"2025-06-11T16:36:52","guid":{"rendered":"https:\/\/copades.com\/monec\/?p=65299"},"modified":"2025-06-11T10:36:52","modified_gmt":"2025-06-11T16:36:52","slug":"guatemala-y-japon-elevan-su-relacion-a-una-asociacion-estrategica","status":"publish","type":"post","link":"https:\/\/copades.com\/monec\/?p=65299","title":{"rendered":"Guatemala y Jap\u00f3n elevan su relaci\u00f3n a una \u00abasociaci\u00f3n estrat\u00e9gica\u00bb"},"content":{"rendered":"<p style=\"text-align: justify;\">Desde hace una semana se encuentra una delegaci\u00f3n de Gobierno en el territorio asi\u00e1tico, encabezada por el presidente <strong>Bernardo Ar\u00e9valo<\/strong>, la cual ten\u00eda como objetivo principal la atracci\u00f3n de inversi\u00f3n y estrechar los lazos pol\u00edticos entre naciones. Como parte de la agenda se encuentra en estos momentos la delegaci\u00f3n en Jap\u00f3n, segunda parada luego de Taiw\u00e1n, en donde el presidente de la Naci\u00f3n guatemalteca se reuni\u00f3 con su hom\u00f3logo, el primer ministro <strong>Shigeru Ishiba<\/strong>. Entre lo que esta reuni\u00f3n result\u00f3, se acord\u00f3 entre las naciones elevar su relaci\u00f3n a una \u00abasociaci\u00f3n estrat\u00e9gica\u00bb, seg\u00fan confirm\u00f3 el Gobierno este martes 10 de junio. \u00abEsto traer\u00e1 una mayor cooperaci\u00f3n en econom\u00eda, desarrollo, colaboraci\u00f3n pol\u00edtica y, lo m\u00e1s importante, m\u00e1s oportunidades para las familias guatemaltecas\u00bb, destac\u00f3 el mandatario mientras se encuentra en el territorio nip\u00f3n. Por medio de un comunicado, el Ministerio de Relaciones Exteriores (Minex) comparti\u00f3 detalles sobre la reuni\u00f3n que sostuvieron los altos mandos entre las naciones, como en la cooperaci\u00f3n bilateral entre las naciones, los valores compartidos, y tambi\u00e9n el fortalecimiento del orden internacional basado en el Estado de derecho. Sobre lo que fue compartido por el Minex cabe resaltar el avance del di\u00e1logo pol\u00edtico en diversos niveles entre los dos pa\u00edses, a lo cual los l\u00edderes de Estado coincidieron en \u00e9l, a\u00fan m\u00e1s profundo, fortalecimiento de la cooperaci\u00f3n bilateral y en foros regionales e internacionales para el abordaje de los diversos desaf\u00edos como naci\u00f3n. \u00a0(LH 11.06.25)<\/p>\n","protected":false},"excerpt":{"rendered":"<p>Desde hace una semana se encuentra una delegaci\u00f3n de Gobierno en el territorio asi\u00e1tico, encabezada por el presidente Bernardo Ar\u00e9valo, la cual ten\u00eda como objetivo principal la atracci\u00f3n de inversi\u00f3n y estrechar los lazos&#46;&#46;&#46;<\/p>\n","protected":false},"author":1,"featured_media":54064,"comment_status":"open","ping_status":"closed","sticky":false,"template":"","format":"standard","meta":{"footnotes":""},"categories":[5779],"tags":[],"class_list":["post-65299","post","type-post","status-publish","format-standard","has-post-thumbnail","hentry","category-relaciones-diplomaticas"],"_links":{"self":[{"href":"https:\/\/copades.com\/monec\/index.php?rest_route=\/wp\/v2\/posts\/65299","targetHints":{"allow":["GET"]}}],"collection":[{"href":"https:\/\/copades.com\/monec\/index.php?rest_route=\/wp\/v2\/posts"}],"about":[{"href":"https:\/\/copades.com\/monec\/index.php?rest_route=\/wp\/v2\/types\/post"}],"author":[{"embeddable":true,"href":"https:\/\/copades.com\/monec\/index.php?rest_route=\/wp\/v2\/users\/1"}],"replies":[{"embeddable":true,"href":"https:\/\/copades.com\/monec\/index.php?rest_route=%2Fwp%2Fv2%2Fcomments&post=65299"}],"version-history":[{"count":1,"href":"https:\/\/copades.com\/monec\/index.php?rest_route=\/wp\/v2\/posts\/65299\/revisions"}],"predecessor-version":[{"id":65300,"href":"https:\/\/copades.com\/monec\/index.php?rest_route=\/wp\/v2\/posts\/65299\/revisions\/65300"}],"wp:featuredmedia":[{"embeddable":true,"href":"https:\/\/copades.com\/monec\/index.php?rest_route=\/wp\/v2\/media\/54064"}],"wp:attachment":[{"href":"https:\/\/copades.com\/monec\/index.php?rest_route=%2Fwp%2Fv2%2Fmedia&parent=65299"}],"wp:term":[{"taxonomy":"category","embeddable":true,"href":"https:\/\/copades.com\/monec\/index.php?rest_route=%2Fwp%2Fv2%2Fcategories&post=65299"},{"taxonomy":"post_tag","embeddable":true,"href":"https:\/\/copades.com\/monec\/index.php?rest_route=%2Fwp%2Fv2%2Ftags&post=65299"}],"curies":[{"name":"wp","href":"https:\/\/api.w.org\/{rel}","templated":true}]}}