{"id":65532,"date":"2025-06-24T10:10:23","date_gmt":"2025-06-24T16:10:23","guid":{"rendered":"https:\/\/copades.com\/monec\/?p=65532"},"modified":"2025-06-24T10:10:23","modified_gmt":"2025-06-24T16:10:23","slug":"guatemala-y-republica-dominicana-buscan-promover-comercio-y-dialogo-regional-con-catar","status":"publish","type":"post","link":"https:\/\/copades.com\/monec\/?p=65532","title":{"rendered":"Guatemala y Rep\u00fablica Dominicana buscan promover comercio y di\u00e1logo regional con Catar"},"content":{"rendered":"<p style=\"text-align: justify;\">Con el objetivo de consolidar alianzas estrat\u00e9gicas y fortalecer los v\u00ednculos en Oriente Medio, los embajadores de Guatemala y Rep\u00fablica Dominicana ante el Estado de Catar sostuvieron una reuni\u00f3n bilateral oficial, centrada en temas de cooperaci\u00f3n regional y oportunidades de colaboraci\u00f3n comercial. Seg\u00fan inform\u00f3 el Ministerio de Relaciones Exteriores de Guatemala (Minex), el encuentro fue encabezado por el embajador guatemalteco <strong>Carlos Jim\u00e9nez Licona<\/strong> y su hom\u00f3logo dominicano, <strong>Georges Bahsa Hazeem<\/strong>, como parte de una agenda diplom\u00e1tica conjunta en Doha. Durante el di\u00e1logo, ambos representantes intercambiaron puntos de vista sobre asuntos de inter\u00e9s regional y coincidieron en la importancia de explorar mecanismos de cooperaci\u00f3n econ\u00f3mica y comercial con el Estado de Catar, un pa\u00eds que ha incrementado su influencia diplom\u00e1tica y econ\u00f3mica a nivel global en los \u00faltimos a\u00f1os. De acuerdo con el comunicado del Minex, la conversaci\u00f3n incluy\u00f3 temas de la agenda latinoamericana ante los pa\u00edses del Golfo, con el objetivo de promover una mayor integraci\u00f3n diplom\u00e1tica, as\u00ed como alianzas que puedan beneficiar a los ciudadanos de ambas naciones. El Ministerio de Relaciones Exteriores subray\u00f3 que este tipo de encuentros reflejan el compromiso mutuo de Guatemala y Rep\u00fablica Dominicana de fortalecer el di\u00e1logo pol\u00edtico y la cooperaci\u00f3n entre naciones afines en foros multilaterales y escenarios estrat\u00e9gicos. \u201cEl encuentro reafirma el compromiso mutuo de continuar promoviendo el di\u00e1logo, la integraci\u00f3n y el trabajo conjunto en beneficio de la regi\u00f3n y sus respectivos ciudadanos\u201d, destac\u00f3 la Canciller\u00eda guatemalteca. Este acercamiento diplom\u00e1tico se alinea con los esfuerzos regionales por ampliar las relaciones con actores clave en Medio Oriente, buscando posicionar a Am\u00e9rica Latina como un socio estrat\u00e9gico para el desarrollo, la inversi\u00f3n y la cooperaci\u00f3n internacional. (LH 24.06.25)<\/p>\n","protected":false},"excerpt":{"rendered":"<p>Con el objetivo de consolidar alianzas estrat\u00e9gicas y fortalecer los v\u00ednculos en Oriente Medio, los embajadores de Guatemala y Rep\u00fablica Dominicana ante el Estado de Catar sostuvieron una reuni\u00f3n bilateral oficial, centrada en temas&#46;&#46;&#46;<\/p>\n","protected":false},"author":1,"featured_media":63247,"comment_status":"open","ping_status":"closed","sticky":false,"template":"","format":"standard","meta":{"footnotes":""},"categories":[24],"tags":[],"class_list":["post-65532","post","type-post","status-publish","format-standard","has-post-thumbnail","hentry","category-comercio-exterior"],"_links":{"self":[{"href":"https:\/\/copades.com\/monec\/index.php?rest_route=\/wp\/v2\/posts\/65532","targetHints":{"allow":["GET"]}}],"collection":[{"href":"https:\/\/copades.com\/monec\/index.php?rest_route=\/wp\/v2\/posts"}],"about":[{"href":"https:\/\/copades.com\/monec\/index.php?rest_route=\/wp\/v2\/types\/post"}],"author":[{"embeddable":true,"href":"https:\/\/copades.com\/monec\/index.php?rest_route=\/wp\/v2\/users\/1"}],"replies":[{"embeddable":true,"href":"https:\/\/copades.com\/monec\/index.php?rest_route=%2Fwp%2Fv2%2Fcomments&post=65532"}],"version-history":[{"count":1,"href":"https:\/\/copades.com\/monec\/index.php?rest_route=\/wp\/v2\/posts\/65532\/revisions"}],"predecessor-version":[{"id":65533,"href":"https:\/\/copades.com\/monec\/index.php?rest_route=\/wp\/v2\/posts\/65532\/revisions\/65533"}],"wp:featuredmedia":[{"embeddable":true,"href":"https:\/\/copades.com\/monec\/index.php?rest_route=\/wp\/v2\/media\/63247"}],"wp:attachment":[{"href":"https:\/\/copades.com\/monec\/index.php?rest_route=%2Fwp%2Fv2%2Fmedia&parent=65532"}],"wp:term":[{"taxonomy":"category","embeddable":true,"href":"https:\/\/copades.com\/monec\/index.php?rest_route=%2Fwp%2Fv2%2Fcategories&post=65532"},{"taxonomy":"post_tag","embeddable":true,"href":"https:\/\/copades.com\/monec\/index.php?rest_route=%2Fwp%2Fv2%2Ftags&post=65532"}],"curies":[{"name":"wp","href":"https:\/\/api.w.org\/{rel}","templated":true}]}}