{"id":65534,"date":"2025-06-24T10:11:08","date_gmt":"2025-06-24T16:11:08","guid":{"rendered":"https:\/\/copades.com\/monec\/?p=65534"},"modified":"2025-06-24T10:11:08","modified_gmt":"2025-06-24T16:11:08","slug":"conflicto-iran-israel-y-estados-unidos-las-consecuencias-economicas-y-efectos-colaterales-para-guatemala","status":"publish","type":"post","link":"https:\/\/copades.com\/monec\/?p=65534","title":{"rendered":"Conflicto Ir\u00e1n-Israel y Estados Unidos: Las consecuencias econ\u00f3micas y efectos colaterales para Guatemala"},"content":{"rendered":"<p style=\"text-align: justify;\">Si el conflicto entre Estados Unidos e Ir\u00e1n escala, Guatemala no podr\u00e1 mantenerse al margen y enfrentar\u00e1 consecuencias econ\u00f3micas directas, como el aumento del precio de los combustibles, inflaci\u00f3n y posibles ca\u00eddas en las remesas, advierten analistas internacionales. Adem\u00e1s, el pa\u00eds estar\u00eda obligado a alinearse pol\u00edticamente con Washington, por su hist\u00f3rica dependencia, mientras que el panorama global apunta a una reconfiguraci\u00f3n de alianzas y mayor incertidumbre en los mercados, indican expertos. Guatemala quedar\u00eda geopol\u00edticamente alineada con Estados Unidos en caso de escalar el conflicto entre ese pa\u00eds e Ir\u00e1n, debido a su hist\u00f3rica relaci\u00f3n de dependencia en materia econ\u00f3mica, diplom\u00e1tica y de seguridad, explic\u00f3 el analista internacional <strong>Luis Felipe Polo<\/strong>. Seg\u00fan el experto, el pa\u00eds no tendr\u00eda otra opci\u00f3n m\u00e1s que respaldar a Washington en foros internacionales y priorizar la cooperaci\u00f3n en temas de seguridad y control migratorio. En el \u00e1mbito econ\u00f3mico, el analista advirti\u00f3 que un conflicto de gran escala no solo impactar\u00eda en el precio de los combustibles, sino que provocar\u00eda una inflaci\u00f3n generalizada por el aumento en los costos de transporte, lo que afectar\u00eda principalmente a la alimentaci\u00f3n y las medicinas. Esta situaci\u00f3n golpear\u00eda directamente a los sectores m\u00e1s vulnerables de la poblaci\u00f3n. Adem\u00e1s, Polo se\u00f1al\u00f3 que una crisis geopol\u00edtica de esa magnitud podr\u00eda ocasionar una disminuci\u00f3n en el flujo de remesas hacia Guatemala, tanto por las pol\u00edticas migratorias restrictivas de Estados Unidos como por eventuales cierres de empresas ante un posible recrudecimiento del conflicto. Tambi\u00e9n alert\u00f3 sobre una posible desaceleraci\u00f3n del comercio internacional y una reducci\u00f3n de la inversi\u00f3n extranjera directa, lo que provocar\u00eda menos ingresos para el Estado y mayor presi\u00f3n social interna. El excanciller <strong>Alfonso Cabrera <\/strong>considera que Guatemala sufrir\u00e1 repercusiones econ\u00f3micas. Sin embargo, descart\u00f3 que el pa\u00eds se vea afectado por el conflicto armado de forma directa. \u201cNo tendremos bombas cayendo cerca ni nada por el estilo\u201d, asegur\u00f3.\u00a0 (PL 24.06.25)<\/p>\n","protected":false},"excerpt":{"rendered":"<p>Si el conflicto entre Estados Unidos e Ir\u00e1n escala, Guatemala no podr\u00e1 mantenerse al margen y enfrentar\u00e1 consecuencias econ\u00f3micas directas, como el aumento del precio de los combustibles, inflaci\u00f3n y posibles ca\u00eddas en las&#46;&#46;&#46;<\/p>\n","protected":false},"author":1,"featured_media":63983,"comment_status":"open","ping_status":"closed","sticky":false,"template":"","format":"standard","meta":{"footnotes":""},"categories":[5],"tags":[],"class_list":["post-65534","post","type-post","status-publish","format-standard","has-post-thumbnail","hentry","category-actividad-productiva"],"_links":{"self":[{"href":"https:\/\/copades.com\/monec\/index.php?rest_route=\/wp\/v2\/posts\/65534","targetHints":{"allow":["GET"]}}],"collection":[{"href":"https:\/\/copades.com\/monec\/index.php?rest_route=\/wp\/v2\/posts"}],"about":[{"href":"https:\/\/copades.com\/monec\/index.php?rest_route=\/wp\/v2\/types\/post"}],"author":[{"embeddable":true,"href":"https:\/\/copades.com\/monec\/index.php?rest_route=\/wp\/v2\/users\/1"}],"replies":[{"embeddable":true,"href":"https:\/\/copades.com\/monec\/index.php?rest_route=%2Fwp%2Fv2%2Fcomments&post=65534"}],"version-history":[{"count":1,"href":"https:\/\/copades.com\/monec\/index.php?rest_route=\/wp\/v2\/posts\/65534\/revisions"}],"predecessor-version":[{"id":65535,"href":"https:\/\/copades.com\/monec\/index.php?rest_route=\/wp\/v2\/posts\/65534\/revisions\/65535"}],"wp:featuredmedia":[{"embeddable":true,"href":"https:\/\/copades.com\/monec\/index.php?rest_route=\/wp\/v2\/media\/63983"}],"wp:attachment":[{"href":"https:\/\/copades.com\/monec\/index.php?rest_route=%2Fwp%2Fv2%2Fmedia&parent=65534"}],"wp:term":[{"taxonomy":"category","embeddable":true,"href":"https:\/\/copades.com\/monec\/index.php?rest_route=%2Fwp%2Fv2%2Fcategories&post=65534"},{"taxonomy":"post_tag","embeddable":true,"href":"https:\/\/copades.com\/monec\/index.php?rest_route=%2Fwp%2Fv2%2Ftags&post=65534"}],"curies":[{"name":"wp","href":"https:\/\/api.w.org\/{rel}","templated":true}]}}