{"id":65536,"date":"2025-06-24T10:12:19","date_gmt":"2025-06-24T16:12:19","guid":{"rendered":"https:\/\/copades.com\/monec\/?p=65536"},"modified":"2025-06-24T10:12:19","modified_gmt":"2025-06-24T16:12:19","slug":"analizan-impacto-de-conflicto-en-medio-oriente-en-la-economia","status":"publish","type":"post","link":"https:\/\/copades.com\/monec\/?p=65536","title":{"rendered":"Analizan impacto de conflicto en Medio Oriente en la econom\u00eda"},"content":{"rendered":"<p style=\"text-align: justify;\">El presidente <strong>Bernardo Ar\u00e9valo<\/strong> ha instruido a los ministros de Relaciones Exteriores, Econom\u00eda, Finanzas y Energ\u00eda y Minas a evaluar los posibles escenarios en que podr\u00eda afectar, de manera directa o indirecta, a la econom\u00eda nacional el conflicto entre Estados Unidos, Israel e Ir\u00e1n.\u00a0La anterior, con el objetivo de \u201ctomar las medidas posibles para mitigar los efectos que pudieran existir sobre los hogares guatemaltecos\u201d, asegura el mandatario.\u00a0Destaca que, como Gobierno, se preparan para tomar acciones que permitan contener y paliar los efectos en Guatemala, aunque dice esperar que las partes involucradas en los conflictos en el Medio Oriente retomen la senda del di\u00e1logo y busquen la paz. De acuerdo con <strong>Alvaro Gonz\u00e1lez Ricci<\/strong>, exministro de Finanzas y actualmente presidente del Banco de Guatemala, a corto plazo el primer efecto ser\u00e1 un incremento m\u00e1s all\u00e1 de lo esperado en el precio internacional del petr\u00f3leo, y esto es lo que m\u00e1s r\u00e1pido impacta la inflaci\u00f3n a trav\u00e9s de los precios internos de los combustibles. \u201cLe dir\u00eda que todos los derivados que son utilizados para los procesos productivos, en temas de generaci\u00f3n de energ\u00eda, transporte, movimiento de mercanc\u00edas y otros\u201d, se ver\u00edan afectados, comenta Gonz\u00e1lez.\u00a0<strong>Rub\u00e9n Morales<\/strong>, exministro de Econom\u00eda, coincide en que el mayor riesgo en temas econ\u00f3micos puede ser una subida en los precios del petr\u00f3leo, tras el posible cierre del estrecho de Ormuz, lo que\u00a0influir\u00eda en el precio de los combustibles y gas. <strong>Gabriel Orellana<\/strong>, excanciller, indica que Guatemala puede sufrir muy serias consecuencias\u00a0en el alto costo de la vida.\u00a0\u201cEs acertada la medida del Presidente,\u00a0en el sentido de que cada cartera tiene que hacer un an\u00e1lisis y una evaluaci\u00f3n\u00a0de c\u00f3mo contribuir a paliar y a reducir ese impacto negativo\u201d, a\u00f1adi\u00f3.\u00a0(DCA 24.06.25)<\/p>\n","protected":false},"excerpt":{"rendered":"<p>El presidente Bernardo Ar\u00e9valo ha instruido a los ministros de Relaciones Exteriores, Econom\u00eda, Finanzas y Energ\u00eda y Minas a evaluar los posibles escenarios en que podr\u00eda afectar, de manera directa o indirecta, a la&#46;&#46;&#46;<\/p>\n","protected":false},"author":1,"featured_media":58191,"comment_status":"open","ping_status":"closed","sticky":false,"template":"","format":"standard","meta":{"footnotes":""},"categories":[5],"tags":[],"class_list":["post-65536","post","type-post","status-publish","format-standard","has-post-thumbnail","hentry","category-actividad-productiva"],"_links":{"self":[{"href":"https:\/\/copades.com\/monec\/index.php?rest_route=\/wp\/v2\/posts\/65536","targetHints":{"allow":["GET"]}}],"collection":[{"href":"https:\/\/copades.com\/monec\/index.php?rest_route=\/wp\/v2\/posts"}],"about":[{"href":"https:\/\/copades.com\/monec\/index.php?rest_route=\/wp\/v2\/types\/post"}],"author":[{"embeddable":true,"href":"https:\/\/copades.com\/monec\/index.php?rest_route=\/wp\/v2\/users\/1"}],"replies":[{"embeddable":true,"href":"https:\/\/copades.com\/monec\/index.php?rest_route=%2Fwp%2Fv2%2Fcomments&post=65536"}],"version-history":[{"count":1,"href":"https:\/\/copades.com\/monec\/index.php?rest_route=\/wp\/v2\/posts\/65536\/revisions"}],"predecessor-version":[{"id":65537,"href":"https:\/\/copades.com\/monec\/index.php?rest_route=\/wp\/v2\/posts\/65536\/revisions\/65537"}],"wp:featuredmedia":[{"embeddable":true,"href":"https:\/\/copades.com\/monec\/index.php?rest_route=\/wp\/v2\/media\/58191"}],"wp:attachment":[{"href":"https:\/\/copades.com\/monec\/index.php?rest_route=%2Fwp%2Fv2%2Fmedia&parent=65536"}],"wp:term":[{"taxonomy":"category","embeddable":true,"href":"https:\/\/copades.com\/monec\/index.php?rest_route=%2Fwp%2Fv2%2Fcategories&post=65536"},{"taxonomy":"post_tag","embeddable":true,"href":"https:\/\/copades.com\/monec\/index.php?rest_route=%2Fwp%2Fv2%2Ftags&post=65536"}],"curies":[{"name":"wp","href":"https:\/\/api.w.org\/{rel}","templated":true}]}}