{"id":65735,"date":"2025-07-08T10:18:33","date_gmt":"2025-07-08T16:18:33","guid":{"rendered":"https:\/\/copades.com\/monec\/?p=65735"},"modified":"2025-07-08T10:18:33","modified_gmt":"2025-07-08T16:18:33","slug":"produccion-fabril-alemana-repunto-con-fuerza-en-mayo","status":"publish","type":"post","link":"https:\/\/copades.com\/monec\/?p=65735","title":{"rendered":"Producci\u00f3n fabril alemana repunt\u00f3 con fuerza en mayo"},"content":{"rendered":"<p style=\"text-align: justify;\">La producci\u00f3n industrial de Alemania repunt\u00f3 con una fuerza inesperada en mayo, seg\u00fan datos oficiales, lo que aumenta las esperanzas de que la principal econom\u00eda de Europa haya superado la crisis a pesar de las tensiones comerciales con Estados Unidos (EU). La producci\u00f3n industrial aument\u00f3 1.2% a tasa mensual, tras caer 1.6% en abril despu\u00e9s de que el presidente estadounidense de EU, <strong>Donald Trump<\/strong>, anunciara fuertes aranceles, inform\u00f3 ayer la agencia federal de estad\u00edsticas Destatis. Los analistas encuestados por la firma de datos financieros, FactSet, hab\u00edan pronosticado una ca\u00edda de 0.1 por ciento. El repunte fue impulsado por un aumento en la producci\u00f3n de energ\u00eda y un s\u00f3lido desempe\u00f1o del sector automotriz, donde la producci\u00f3n subi\u00f3 4.9 por ciento. En general, la producci\u00f3n industrial increment\u00f3 1.0% respecto al mismo mes del a\u00f1o pasado, lo que subraya las esperanzas de que lo peor podr\u00eda haber pasado para la industria alemana despu\u00e9s de una serie de fuertes publicaciones de datos de producci\u00f3n y pedidos desde principios de a\u00f1o. <strong>Carsten Brzeski<\/strong>, analista del banco ING, se\u00f1al\u00f3 que los datos \u201caumentan la probabilidad\u201d de que la recuperaci\u00f3n industrial de los \u00faltimos meses haya sido impulsada por algo m\u00e1s que una \u201ccarga anticipada\u201d como resultado de que los clientes hicieron pedidos antes de que los aranceles de EU entraran en vigor. (eleconomista.com.mx 08.07.25)<\/p>\n","protected":false},"excerpt":{"rendered":"<p>La producci\u00f3n industrial de Alemania repunt\u00f3 con una fuerza inesperada en mayo, seg\u00fan datos oficiales, lo que aumenta las esperanzas de que la principal econom\u00eda de Europa haya superado la crisis a pesar de&#46;&#46;&#46;<\/p>\n","protected":false},"author":1,"featured_media":50709,"comment_status":"open","ping_status":"closed","sticky":false,"template":"","format":"standard","meta":{"footnotes":""},"categories":[55],"tags":[],"class_list":["post-65735","post","type-post","status-publish","format-standard","has-post-thumbnail","hentry","category-internacionales-seleccion"],"_links":{"self":[{"href":"https:\/\/copades.com\/monec\/index.php?rest_route=\/wp\/v2\/posts\/65735","targetHints":{"allow":["GET"]}}],"collection":[{"href":"https:\/\/copades.com\/monec\/index.php?rest_route=\/wp\/v2\/posts"}],"about":[{"href":"https:\/\/copades.com\/monec\/index.php?rest_route=\/wp\/v2\/types\/post"}],"author":[{"embeddable":true,"href":"https:\/\/copades.com\/monec\/index.php?rest_route=\/wp\/v2\/users\/1"}],"replies":[{"embeddable":true,"href":"https:\/\/copades.com\/monec\/index.php?rest_route=%2Fwp%2Fv2%2Fcomments&post=65735"}],"version-history":[{"count":1,"href":"https:\/\/copades.com\/monec\/index.php?rest_route=\/wp\/v2\/posts\/65735\/revisions"}],"predecessor-version":[{"id":65736,"href":"https:\/\/copades.com\/monec\/index.php?rest_route=\/wp\/v2\/posts\/65735\/revisions\/65736"}],"wp:featuredmedia":[{"embeddable":true,"href":"https:\/\/copades.com\/monec\/index.php?rest_route=\/wp\/v2\/media\/50709"}],"wp:attachment":[{"href":"https:\/\/copades.com\/monec\/index.php?rest_route=%2Fwp%2Fv2%2Fmedia&parent=65735"}],"wp:term":[{"taxonomy":"category","embeddable":true,"href":"https:\/\/copades.com\/monec\/index.php?rest_route=%2Fwp%2Fv2%2Fcategories&post=65735"},{"taxonomy":"post_tag","embeddable":true,"href":"https:\/\/copades.com\/monec\/index.php?rest_route=%2Fwp%2Fv2%2Ftags&post=65735"}],"curies":[{"name":"wp","href":"https:\/\/api.w.org\/{rel}","templated":true}]}}