{"id":6581,"date":"2013-05-11T16:31:11","date_gmt":"2013-05-11T16:31:11","guid":{"rendered":"http:\/\/copades.com\/monec\/?p=6581"},"modified":"2013-05-13T16:31:54","modified_gmt":"2013-05-13T16:31:54","slug":"pais-deja-de-percibir-us119-55-millones","status":"publish","type":"post","link":"https:\/\/copades.com\/monec\/?p=6581","title":{"rendered":"Pa\u00eds deja de percibir US$119.55 millones"},"content":{"rendered":"<p style=\"text-align: justify;\">El caf\u00e9 fue el producto de exportaci\u00f3n que registr\u00f3 la baja m\u00e1s pronunciada en los ingresos de divisas del primer trimestre del 2013 al reportar una ca\u00edda de Q119.55 millones (38.60% menos) que en el mismo per\u00edodo del a\u00f1o pasado. Seg\u00fan los datos del Banco de Guatemala, los ingresos pasaron de US$310.09 millones en el 2012 a US$190.54 millones. <strong>Miguel Medina<\/strong>, vicepresidente de la Asociaci\u00f3n Nacional del Caf\u00e9 (<em>Anacaf\u00e9<\/em>), la reducci\u00f3n en el volumen de exportaci\u00f3n de caf\u00e9 se debe a los efectos de la roya en la producci\u00f3n, as\u00ed como la baja de los precios en el mercado internacional cuyo valor pas\u00f3 de alrededor de US$170 por quintal oro en marzo del 2012 a US$140 en similar mes de este a\u00f1o. Seg\u00fan <strong>Medina<\/strong>, la sobreproducci\u00f3n del grano de pa\u00edses como Brasil y Vietnam deprimieron los precios en el mercado internacional. (Prensa Libre 11.05.13)<\/p>\n","protected":false},"excerpt":{"rendered":"<p>El caf\u00e9 fue el producto de exportaci\u00f3n que registr\u00f3 la baja m\u00e1s pronunciada en los ingresos de divisas del primer trimestre del 2013 al reportar una ca\u00edda de Q119.55 millones (38.60% menos) que en&#46;&#46;&#46;<\/p>\n","protected":false},"author":1,"featured_media":0,"comment_status":"open","ping_status":"closed","sticky":false,"template":"","format":"standard","meta":{"footnotes":""},"categories":[24,30],"tags":[251],"class_list":["post-6581","post","type-post","status-publish","format-standard","hentry","category-comercio-exterior","category-exportaciones-de-cafe","tag-anacafe"],"_links":{"self":[{"href":"https:\/\/copades.com\/monec\/index.php?rest_route=\/wp\/v2\/posts\/6581","targetHints":{"allow":["GET"]}}],"collection":[{"href":"https:\/\/copades.com\/monec\/index.php?rest_route=\/wp\/v2\/posts"}],"about":[{"href":"https:\/\/copades.com\/monec\/index.php?rest_route=\/wp\/v2\/types\/post"}],"author":[{"embeddable":true,"href":"https:\/\/copades.com\/monec\/index.php?rest_route=\/wp\/v2\/users\/1"}],"replies":[{"embeddable":true,"href":"https:\/\/copades.com\/monec\/index.php?rest_route=%2Fwp%2Fv2%2Fcomments&post=6581"}],"version-history":[{"count":1,"href":"https:\/\/copades.com\/monec\/index.php?rest_route=\/wp\/v2\/posts\/6581\/revisions"}],"predecessor-version":[{"id":6582,"href":"https:\/\/copades.com\/monec\/index.php?rest_route=\/wp\/v2\/posts\/6581\/revisions\/6582"}],"wp:attachment":[{"href":"https:\/\/copades.com\/monec\/index.php?rest_route=%2Fwp%2Fv2%2Fmedia&parent=6581"}],"wp:term":[{"taxonomy":"category","embeddable":true,"href":"https:\/\/copades.com\/monec\/index.php?rest_route=%2Fwp%2Fv2%2Fcategories&post=6581"},{"taxonomy":"post_tag","embeddable":true,"href":"https:\/\/copades.com\/monec\/index.php?rest_route=%2Fwp%2Fv2%2Ftags&post=6581"}],"curies":[{"name":"wp","href":"https:\/\/api.w.org\/{rel}","templated":true}]}}