{"id":65852,"date":"2025-07-15T10:26:31","date_gmt":"2025-07-15T16:26:31","guid":{"rendered":"https:\/\/copades.com\/monec\/?p=65852"},"modified":"2025-07-15T10:26:31","modified_gmt":"2025-07-15T16:26:31","slug":"pais-mejora-indice-de-libertades","status":"publish","type":"post","link":"https:\/\/copades.com\/monec\/?p=65852","title":{"rendered":"Pa\u00eds mejora \u00edndice de libertades"},"content":{"rendered":"<p style=\"text-align: justify;\">La naci\u00f3n\u00a0sube 26 posiciones\u00a0dentro del\u00a0\u00cdndice de Libertad 2025\u00a0del <em>Atlantic Council Freedom and Prosperity Center<\/em>, informa el presidente <strong>Bernardo Ar\u00e9valo<\/strong> durante la conferencia de prensa La Ronda. \u201cGuatemala ocup\u00f3 el puesto 93 durante alrededor de 15 a\u00f1os, ahora se encuentra en el 67 de 164, lo que representa un avance significativo en la capacidad de los ciudadanos para participar en la vida pol\u00edtica nacional\u201d, asegura el gobernante.\u00a0Tambi\u00e9n dice que estamos \u201ccerca de ingresar a la m\u00e1s alta categor\u00eda\u201d del referido ejercicio y que el progreso refleja una mejora en la calidad democr\u00e1tica y el fortalecimiento institucional, que son condiciones necesarias para promover el desarrollo equitativo, justo y sostenible del pueblo digno del pa\u00eds.\u00a0El jefe de Estado puntualiza que las libertades pol\u00edticas en el orbe se encuentran constantemente en un proceso de declive, tanto es as\u00ed que el 91 por ciento de la poblaci\u00f3n en el mundo vive en naciones que vulneran estos derechos, seg\u00fan el\u00a0informe.\u00a0Seg\u00fan la tabla de puntuaciones y clasificaci\u00f3n del indicador para 2024, Senegal, Colombia, Rep\u00fablica Dominicana y Per\u00fa est\u00e1n arriba de Guatemala, y por debajo, Armenia, Mongolia, Lesoto y Georgia. (DCA 15.07.25)<\/p>\n","protected":false},"excerpt":{"rendered":"<p>La naci\u00f3n\u00a0sube 26 posiciones\u00a0dentro del\u00a0\u00cdndice de Libertad 2025\u00a0del Atlantic Council Freedom and Prosperity Center, informa el presidente Bernardo Ar\u00e9valo durante la conferencia de prensa La Ronda. \u201cGuatemala ocup\u00f3 el puesto 93 durante alrededor de&#46;&#46;&#46;<\/p>\n","protected":false},"author":1,"featured_media":63534,"comment_status":"open","ping_status":"closed","sticky":false,"template":"","format":"standard","meta":{"footnotes":""},"categories":[43],"tags":[],"class_list":["post-65852","post","type-post","status-publish","format-standard","has-post-thumbnail","hentry","category-transparencia-institucional"],"_links":{"self":[{"href":"https:\/\/copades.com\/monec\/index.php?rest_route=\/wp\/v2\/posts\/65852","targetHints":{"allow":["GET"]}}],"collection":[{"href":"https:\/\/copades.com\/monec\/index.php?rest_route=\/wp\/v2\/posts"}],"about":[{"href":"https:\/\/copades.com\/monec\/index.php?rest_route=\/wp\/v2\/types\/post"}],"author":[{"embeddable":true,"href":"https:\/\/copades.com\/monec\/index.php?rest_route=\/wp\/v2\/users\/1"}],"replies":[{"embeddable":true,"href":"https:\/\/copades.com\/monec\/index.php?rest_route=%2Fwp%2Fv2%2Fcomments&post=65852"}],"version-history":[{"count":1,"href":"https:\/\/copades.com\/monec\/index.php?rest_route=\/wp\/v2\/posts\/65852\/revisions"}],"predecessor-version":[{"id":65853,"href":"https:\/\/copades.com\/monec\/index.php?rest_route=\/wp\/v2\/posts\/65852\/revisions\/65853"}],"wp:featuredmedia":[{"embeddable":true,"href":"https:\/\/copades.com\/monec\/index.php?rest_route=\/wp\/v2\/media\/63534"}],"wp:attachment":[{"href":"https:\/\/copades.com\/monec\/index.php?rest_route=%2Fwp%2Fv2%2Fmedia&parent=65852"}],"wp:term":[{"taxonomy":"category","embeddable":true,"href":"https:\/\/copades.com\/monec\/index.php?rest_route=%2Fwp%2Fv2%2Fcategories&post=65852"},{"taxonomy":"post_tag","embeddable":true,"href":"https:\/\/copades.com\/monec\/index.php?rest_route=%2Fwp%2Fv2%2Ftags&post=65852"}],"curies":[{"name":"wp","href":"https:\/\/api.w.org\/{rel}","templated":true}]}}