{"id":65971,"date":"2025-07-22T10:28:51","date_gmt":"2025-07-22T16:28:51","guid":{"rendered":"https:\/\/copades.com\/monec\/?p=65971"},"modified":"2025-07-22T10:28:59","modified_gmt":"2025-07-22T16:28:59","slug":"65971","status":"publish","type":"post","link":"https:\/\/copades.com\/monec\/?p=65971","title":{"rendered":"MARN presentar\u00e1 nuevas denuncias contra empresas mineras en Izabal"},"content":{"rendered":"<p style=\"text-align: justify;\">El Ministerio de Ambiente y Recursos Naturales (MARN) anunci\u00f3 que presentar\u00e1 nuevas denuncias penales contra empresas mineras que operan en la Sierra Santa Cruz, Izabal, por presuntas irregularidades detectadas en sus proyectos, los cuales podr\u00edan afectar fuentes de agua que abastecen a m\u00e1s de 50 comunidades locales. El 21 de julio de 2025, en conferencia de prensa, la ministra de Ambiente, Patricia Orantes, indic\u00f3 que el MARN presentar\u00e1 m\u00e1s denuncias ante el Ministerio P\u00fablico (MP) por irregularidades detectadas en los proyectos Santa Anita y Santa Anita II, ambos en tr\u00e1mite para obtener licencia minera. Estas acciones se suman a las denuncias penales previas presentadas el 10 de junio de 2025, tras inspecciones ambientales que revelaron actividades presuntamente ilegales realizadas por las empresas responsables. El conflicto por el otorgamiento de licencias mineras en la Sierra Santa Cruz, en Izabal, ha escalado en las \u00faltimas semanas, luego de que el Ministerio de Ambiente y Recursos Naturales (MARN) presentara el pasado 10 de junio de 2025 dos denuncias penales ante el Ministerio P\u00fablico (MP) contra los proyectos Santa Anita y Santa Anita II, por presuntas irregularidades detectadas durante una inspecci\u00f3n ambiental. La ministra de Ambiente, <strong>Patricia Orantes<\/strong>, reconoci\u00f3 que las comunidades manifestaron su preocupaci\u00f3n desde abril de 2025 por la existencia de 10 licencias ambientales otorgadas en noviembre de 2023, durante el gobierno anterior. Se\u00f1al\u00f3 que el ministerio est\u00e1 revisando si el proceso fue adecuado y que el 30 de julio se entregar\u00e1 la resoluci\u00f3n del procedimiento administrativo.\u00a0 (PL 22.07.25)<\/p>\n","protected":false},"excerpt":{"rendered":"<p>El Ministerio de Ambiente y Recursos Naturales (MARN) anunci\u00f3 que presentar\u00e1 nuevas denuncias penales contra empresas mineras que operan en la Sierra Santa Cruz, Izabal, por presuntas irregularidades detectadas en sus proyectos, los cuales&#46;&#46;&#46;<\/p>\n","protected":false},"author":1,"featured_media":48825,"comment_status":"open","ping_status":"closed","sticky":false,"template":"","format":"standard","meta":{"footnotes":""},"categories":[19],"tags":[],"class_list":["post-65971","post","type-post","status-publish","format-standard","has-post-thumbnail","hentry","category-minas-y-canteras"],"_links":{"self":[{"href":"https:\/\/copades.com\/monec\/index.php?rest_route=\/wp\/v2\/posts\/65971","targetHints":{"allow":["GET"]}}],"collection":[{"href":"https:\/\/copades.com\/monec\/index.php?rest_route=\/wp\/v2\/posts"}],"about":[{"href":"https:\/\/copades.com\/monec\/index.php?rest_route=\/wp\/v2\/types\/post"}],"author":[{"embeddable":true,"href":"https:\/\/copades.com\/monec\/index.php?rest_route=\/wp\/v2\/users\/1"}],"replies":[{"embeddable":true,"href":"https:\/\/copades.com\/monec\/index.php?rest_route=%2Fwp%2Fv2%2Fcomments&post=65971"}],"version-history":[{"count":2,"href":"https:\/\/copades.com\/monec\/index.php?rest_route=\/wp\/v2\/posts\/65971\/revisions"}],"predecessor-version":[{"id":65973,"href":"https:\/\/copades.com\/monec\/index.php?rest_route=\/wp\/v2\/posts\/65971\/revisions\/65973"}],"wp:featuredmedia":[{"embeddable":true,"href":"https:\/\/copades.com\/monec\/index.php?rest_route=\/wp\/v2\/media\/48825"}],"wp:attachment":[{"href":"https:\/\/copades.com\/monec\/index.php?rest_route=%2Fwp%2Fv2%2Fmedia&parent=65971"}],"wp:term":[{"taxonomy":"category","embeddable":true,"href":"https:\/\/copades.com\/monec\/index.php?rest_route=%2Fwp%2Fv2%2Fcategories&post=65971"},{"taxonomy":"post_tag","embeddable":true,"href":"https:\/\/copades.com\/monec\/index.php?rest_route=%2Fwp%2Fv2%2Ftags&post=65971"}],"curies":[{"name":"wp","href":"https:\/\/api.w.org\/{rel}","templated":true}]}}