{"id":66235,"date":"2025-08-06T10:39:24","date_gmt":"2025-08-06T16:39:24","guid":{"rendered":"https:\/\/copades.com\/monec\/?p=66235"},"modified":"2025-08-06T10:39:24","modified_gmt":"2025-08-06T16:39:24","slug":"la-cepal-sube-a-2-2-su-estimacion-para-la-economia-de-al","status":"publish","type":"post","link":"https:\/\/copades.com\/monec\/?p=66235","title":{"rendered":"La CEPAL sube a 2.2% su estimaci\u00f3n para la econom\u00eda de AL"},"content":{"rendered":"<p style=\"text-align: justify;\">La econom\u00eda de Am\u00e9rica Latina y el Caribe crecer\u00eda un 2.2% este a\u00f1o en medio de un contexto global complejo y alta incertidumbre, inform\u00f3 este martes la CEPAL. La Comisi\u00f3n Econ\u00f3mica para Am\u00e9rica Latina y el Caribe (CEPAL) elev\u00f3 su pron\u00f3stico desde la expansi\u00f3n del 2.0%, que esperaba en el mes de abril. \u00abEl desempe\u00f1o econ\u00f3mico seguir\u00e1 condicionado por la debilidad de la demanda externa, condiciones financieras restrictivas y la fragilidad derivada de factores internos como un menor dinamismo del consumo, una baja inversi\u00f3n, una elevada informalidad laboral y las persistentes desigualdades estructurales\u00bb, dijo la CEPAL en su informe. A nivel global \u00abpersisten las tensiones geopol\u00edticas y el aumento del proteccionismo, y se prev\u00e9n posibles disrupciones en las cadenas de suministro\u00bb, agreg\u00f3. En tanto, para 2026 pronostic\u00f3 una expansi\u00f3n regional del 2.3 por ciento. La CEPAL se\u00f1al\u00f3 que la inflaci\u00f3n regional se estabiliz\u00f3 en torno al 3% el a\u00f1o pasado y \u00abse espera que permanezca en ese nivel en 2025 y 2026\u00bb, mientras los riesgos se encuentran predominantemente al alza. Por otra parte, destac\u00f3 que las condiciones financieras internacionales presentan riesgos crecientes y no existe sincronizaci\u00f3n sobre la pol\u00edtica monetaria entre diversas econom\u00edas. Adem\u00e1s estima que la creaci\u00f3n de empleo se desacelerar\u00e1 aunque el desempleo se mantendr\u00eda estable, en torno al 5.6 por ciento. (eleconomista.com.mx 06.08.25)<\/p>\n","protected":false},"excerpt":{"rendered":"<p>La econom\u00eda de Am\u00e9rica Latina y el Caribe crecer\u00eda un 2.2% este a\u00f1o en medio de un contexto global complejo y alta incertidumbre, inform\u00f3 este martes la CEPAL. La Comisi\u00f3n Econ\u00f3mica para Am\u00e9rica Latina&#46;&#46;&#46;<\/p>\n","protected":false},"author":1,"featured_media":63223,"comment_status":"open","ping_status":"closed","sticky":false,"template":"","format":"standard","meta":{"footnotes":""},"categories":[55],"tags":[],"class_list":["post-66235","post","type-post","status-publish","format-standard","has-post-thumbnail","hentry","category-internacionales-seleccion"],"_links":{"self":[{"href":"https:\/\/copades.com\/monec\/index.php?rest_route=\/wp\/v2\/posts\/66235","targetHints":{"allow":["GET"]}}],"collection":[{"href":"https:\/\/copades.com\/monec\/index.php?rest_route=\/wp\/v2\/posts"}],"about":[{"href":"https:\/\/copades.com\/monec\/index.php?rest_route=\/wp\/v2\/types\/post"}],"author":[{"embeddable":true,"href":"https:\/\/copades.com\/monec\/index.php?rest_route=\/wp\/v2\/users\/1"}],"replies":[{"embeddable":true,"href":"https:\/\/copades.com\/monec\/index.php?rest_route=%2Fwp%2Fv2%2Fcomments&post=66235"}],"version-history":[{"count":1,"href":"https:\/\/copades.com\/monec\/index.php?rest_route=\/wp\/v2\/posts\/66235\/revisions"}],"predecessor-version":[{"id":66236,"href":"https:\/\/copades.com\/monec\/index.php?rest_route=\/wp\/v2\/posts\/66235\/revisions\/66236"}],"wp:featuredmedia":[{"embeddable":true,"href":"https:\/\/copades.com\/monec\/index.php?rest_route=\/wp\/v2\/media\/63223"}],"wp:attachment":[{"href":"https:\/\/copades.com\/monec\/index.php?rest_route=%2Fwp%2Fv2%2Fmedia&parent=66235"}],"wp:term":[{"taxonomy":"category","embeddable":true,"href":"https:\/\/copades.com\/monec\/index.php?rest_route=%2Fwp%2Fv2%2Fcategories&post=66235"},{"taxonomy":"post_tag","embeddable":true,"href":"https:\/\/copades.com\/monec\/index.php?rest_route=%2Fwp%2Fv2%2Ftags&post=66235"}],"curies":[{"name":"wp","href":"https:\/\/api.w.org\/{rel}","templated":true}]}}