{"id":66279,"date":"2025-08-07T10:24:49","date_gmt":"2025-08-07T16:24:49","guid":{"rendered":"https:\/\/copades.com\/monec\/?p=66279"},"modified":"2025-08-07T10:24:49","modified_gmt":"2025-08-07T16:24:49","slug":"empresarios-respaldan-licitacion","status":"publish","type":"post","link":"https:\/\/copades.com\/monec\/?p=66279","title":{"rendered":"Empresarios respaldan licitaci\u00f3n"},"content":{"rendered":"<p style=\"text-align: justify;\">Derivado de la convocatoria de la licitaci\u00f3n para el Plan de Expansi\u00f3n de Generaci\u00f3n de Electricidad (PEG-5) y del Plan de Expansi\u00f3n de la Red de Transmisi\u00f3n (PET-3), la Asociaci\u00f3n Guatemalteca de Exportadores public\u00f3 un informe en el que respalda esta medida, la cual calific\u00f3 como \u201cuna respuesta urgente y necesaria\u201d. Seg\u00fan el an\u00e1lisis empresarial, la demanda de energ\u00eda crece en promedio 4.5 por ciento cada a\u00f1o, por lo que sin una pronta atenci\u00f3n, el pa\u00eds podr\u00eda enfrentar un d\u00e9ficit energ\u00e9tico entre 2027 y 2028.\u00a0La entidad se\u00f1al\u00f3 que se trata de \u201cun paso hist\u00f3rico y estrat\u00e9gico para responder a las necesidades de generaci\u00f3n y transmisi\u00f3n el\u00e9ctrica del pa\u00eds\u201d. La entrega de ofertas y apertura de la plica t\u00e9cnica ser\u00e1 el 9 de octubre y la propuesta econ\u00f3mica se revelar\u00e1 el 22 y el l\u00edmite para la adjudicaci\u00f3n final, el 30 de ese mes. (DCA 06.08.25)<\/p>\n","protected":false},"excerpt":{"rendered":"<p>Derivado de la convocatoria de la licitaci\u00f3n para el Plan de Expansi\u00f3n de Generaci\u00f3n de Electricidad (PEG-5) y del Plan de Expansi\u00f3n de la Red de Transmisi\u00f3n (PET-3), la Asociaci\u00f3n Guatemalteca de Exportadores public\u00f3&#46;&#46;&#46;<\/p>\n","protected":false},"author":1,"featured_media":59166,"comment_status":"open","ping_status":"closed","sticky":false,"template":"","format":"standard","meta":{"footnotes":""},"categories":[14],"tags":[],"class_list":["post-66279","post","type-post","status-publish","format-standard","has-post-thumbnail","hentry","category-energia-electrica"],"_links":{"self":[{"href":"https:\/\/copades.com\/monec\/index.php?rest_route=\/wp\/v2\/posts\/66279","targetHints":{"allow":["GET"]}}],"collection":[{"href":"https:\/\/copades.com\/monec\/index.php?rest_route=\/wp\/v2\/posts"}],"about":[{"href":"https:\/\/copades.com\/monec\/index.php?rest_route=\/wp\/v2\/types\/post"}],"author":[{"embeddable":true,"href":"https:\/\/copades.com\/monec\/index.php?rest_route=\/wp\/v2\/users\/1"}],"replies":[{"embeddable":true,"href":"https:\/\/copades.com\/monec\/index.php?rest_route=%2Fwp%2Fv2%2Fcomments&post=66279"}],"version-history":[{"count":1,"href":"https:\/\/copades.com\/monec\/index.php?rest_route=\/wp\/v2\/posts\/66279\/revisions"}],"predecessor-version":[{"id":66280,"href":"https:\/\/copades.com\/monec\/index.php?rest_route=\/wp\/v2\/posts\/66279\/revisions\/66280"}],"wp:featuredmedia":[{"embeddable":true,"href":"https:\/\/copades.com\/monec\/index.php?rest_route=\/wp\/v2\/media\/59166"}],"wp:attachment":[{"href":"https:\/\/copades.com\/monec\/index.php?rest_route=%2Fwp%2Fv2%2Fmedia&parent=66279"}],"wp:term":[{"taxonomy":"category","embeddable":true,"href":"https:\/\/copades.com\/monec\/index.php?rest_route=%2Fwp%2Fv2%2Fcategories&post=66279"},{"taxonomy":"post_tag","embeddable":true,"href":"https:\/\/copades.com\/monec\/index.php?rest_route=%2Fwp%2Fv2%2Ftags&post=66279"}],"curies":[{"name":"wp","href":"https:\/\/api.w.org\/{rel}","templated":true}]}}