{"id":66412,"date":"2025-08-19T10:20:56","date_gmt":"2025-08-19T16:20:56","guid":{"rendered":"https:\/\/copades.com\/monec\/?p=66412"},"modified":"2025-08-19T10:20:56","modified_gmt":"2025-08-19T16:20:56","slug":"sobre-impacto-arancelario-dice-mineco-que-empresas-privadas-no-confian-lo-suficiente-para-compartir-datos","status":"publish","type":"post","link":"https:\/\/copades.com\/monec\/?p=66412","title":{"rendered":"Sobre impacto arancelario, dice Mineco que empresas privadas no conf\u00edan lo suficiente para compartir datos"},"content":{"rendered":"<p style=\"text-align: justify;\">Ante la medida arancelaria y el impacto econ\u00f3mico que ha llegado a tener en las diferentes categor\u00edas de productos, se le cuestion\u00f3 al Ministerio de Econom\u00eda (Mineco) sobre la recopilaci\u00f3n de c\u00f3mo ha afectado la medida impuesta por el Gobierno de Estados Unidos a m\u00faltiples pa\u00edses, en los cuales Guatemala se ha visto incluida. La titular de la cartera, <strong>Gabriela Garc\u00eda-Quinn<\/strong>, detall\u00f3 que, en ese sentido, \u00abla empresa privada guarda sus datos tambi\u00e9n\u00bb, por lo cual, de parte de las instituciones gubernamentales, no se podr\u00eda puntualizar el impacto que tiene lo impuesto por el Gobierno de Donald Trump. \u00abNosotros podemos pedir informaci\u00f3n y ha sido uno de los temas, no de este gobierno, no de ahora, la falta de informaci\u00f3n de fluidez, porque no hay confianza de que va a hacer uno de qu\u00e9 van a hacer las instituciones con esta informaci\u00f3n\u00bb, agreg\u00f3 Garc\u00eda en conferencia de prensa este lunes 18 de agosto. En una anterior conferencia de prensa, se trat\u00f3 de abordar a la ministra luego de su tiempo en el p\u00f3dium, quien al ser interrogada, expres\u00f3 que su cartera no reun\u00eda los datos y que en realidad tendr\u00eda que la pregunta estar dirigida a las empresas privadas, gremiales o asociaciones directamente. Con respecto a la confidencialidad, Guatemala forma parte de una reserva de informaci\u00f3n de 7 a\u00f1os sobre las negociaciones sobre el arancel rec\u00edproco del 10% impuesto por EE.UU. a las exportaciones de Guatemala, la cual podr\u00eda llegar a extenderse otros cinco a\u00f1os. De esa cuenta, la ministra de Econom\u00eda indic\u00f3 que en el marco del di\u00e1logo de negociaciones con EE.UU., \u00abs\u00ed se ha dado informaci\u00f3n, pero est\u00e1 bajo resguardo porque es informaci\u00f3n les sirve para poder llegar a esa negociaci\u00f3n que tanto esperamos\u00bb. (LH 19.08.25)<\/p>\n","protected":false},"excerpt":{"rendered":"<p>Ante la medida arancelaria y el impacto econ\u00f3mico que ha llegado a tener en las diferentes categor\u00edas de productos, se le cuestion\u00f3 al Ministerio de Econom\u00eda (Mineco) sobre la recopilaci\u00f3n de c\u00f3mo ha afectado&#46;&#46;&#46;<\/p>\n","protected":false},"author":1,"featured_media":63329,"comment_status":"open","ping_status":"closed","sticky":false,"template":"","format":"standard","meta":{"footnotes":""},"categories":[24],"tags":[],"class_list":["post-66412","post","type-post","status-publish","format-standard","has-post-thumbnail","hentry","category-comercio-exterior"],"_links":{"self":[{"href":"https:\/\/copades.com\/monec\/index.php?rest_route=\/wp\/v2\/posts\/66412","targetHints":{"allow":["GET"]}}],"collection":[{"href":"https:\/\/copades.com\/monec\/index.php?rest_route=\/wp\/v2\/posts"}],"about":[{"href":"https:\/\/copades.com\/monec\/index.php?rest_route=\/wp\/v2\/types\/post"}],"author":[{"embeddable":true,"href":"https:\/\/copades.com\/monec\/index.php?rest_route=\/wp\/v2\/users\/1"}],"replies":[{"embeddable":true,"href":"https:\/\/copades.com\/monec\/index.php?rest_route=%2Fwp%2Fv2%2Fcomments&post=66412"}],"version-history":[{"count":1,"href":"https:\/\/copades.com\/monec\/index.php?rest_route=\/wp\/v2\/posts\/66412\/revisions"}],"predecessor-version":[{"id":66413,"href":"https:\/\/copades.com\/monec\/index.php?rest_route=\/wp\/v2\/posts\/66412\/revisions\/66413"}],"wp:featuredmedia":[{"embeddable":true,"href":"https:\/\/copades.com\/monec\/index.php?rest_route=\/wp\/v2\/media\/63329"}],"wp:attachment":[{"href":"https:\/\/copades.com\/monec\/index.php?rest_route=%2Fwp%2Fv2%2Fmedia&parent=66412"}],"wp:term":[{"taxonomy":"category","embeddable":true,"href":"https:\/\/copades.com\/monec\/index.php?rest_route=%2Fwp%2Fv2%2Fcategories&post=66412"},{"taxonomy":"post_tag","embeddable":true,"href":"https:\/\/copades.com\/monec\/index.php?rest_route=%2Fwp%2Fv2%2Ftags&post=66412"}],"curies":[{"name":"wp","href":"https:\/\/api.w.org\/{rel}","templated":true}]}}