{"id":66812,"date":"2025-09-09T10:34:23","date_gmt":"2025-09-09T16:34:23","guid":{"rendered":"https:\/\/copades.com\/monec\/?p=66812"},"modified":"2025-09-09T10:34:23","modified_gmt":"2025-09-09T16:34:23","slug":"inflacion-en-mexico-se-acelero-a-3-57-en-agosto","status":"publish","type":"post","link":"https:\/\/copades.com\/monec\/?p=66812","title":{"rendered":"Inflaci\u00f3n en M\u00e9xico se aceler\u00f3 a 3.57% en agosto"},"content":{"rendered":"<p style=\"text-align: justify;\">La inflaci\u00f3n a los consumidores mexicanos report\u00f3, en agosto pasado, una aceleraci\u00f3n, de acuerdo con la informaci\u00f3n del Instituto Nacional de Estad\u00edstica y Geograf\u00eda (Inegi). El reporte del Inegi mostr\u00f3 que, en el octavo mes del a\u00f1o, el \u00cdndice Nacional de Precios al Consumidor (INPC) registr\u00f3 un avance mensual de 0.06%, con lo que a tasa anual la inflaci\u00f3n fue de 3.57 por ciento. Con ello, la inflaci\u00f3n se aceler\u00f3 desde el dato de 3.51% de julio. El dato de agosto qued\u00f3 ligeramente por debajo de la proyecci\u00f3n del mercado. Un sondeo de Reuters arroj\u00f3 que se esperaba un repunte de la inflaci\u00f3n a 3.58 por ciento. Pese al repunte, la inflaci\u00f3n se ubic\u00f3 por segundo mes consecutivo dentro del rango objetivo del Banco de M\u00e9xico (Banxico) de 3% +\/- 1 punto porcentual. En agosto, la instituci\u00f3n central recort\u00f3 nuevamente su tasa de inter\u00e9s, s\u00f3lo que en una menor magnitud de la que lo ven\u00eda haciendo. De esta forma, con un recorte de 25 puntos base, la tasa objetivo del banco central se ubic\u00f3 en un nivel de 7.75 por ciento. Al interior del informe del Inegi, se observ\u00f3 que la\u00a0inflaci\u00f3n no subyacente\u00a0tuvo una aceleraci\u00f3n al pasar de 1.14 a 1.38% anual en agosto. Dentro de este rubro, los agropecuarios mostraron un aumento en sus precios de 1.21% anual, en donde destac\u00f3 la ca\u00edda de 8.04% en las frutas y verduras. En el caso de los energ\u00e9ticos y tarifas autorizadas por el gobierno, el aumento anual de precios fue de 1.51 por ciento. (eleconomista.com.mx 09.09.25)<\/p>\n<p>&nbsp;<\/p>\n","protected":false},"excerpt":{"rendered":"<p>La inflaci\u00f3n a los consumidores mexicanos report\u00f3, en agosto pasado, una aceleraci\u00f3n, de acuerdo con la informaci\u00f3n del Instituto Nacional de Estad\u00edstica y Geograf\u00eda (Inegi). El reporte del Inegi mostr\u00f3 que, en el octavo&#46;&#46;&#46;<\/p>\n","protected":false},"author":1,"featured_media":57231,"comment_status":"open","ping_status":"closed","sticky":false,"template":"","format":"standard","meta":{"footnotes":""},"categories":[55],"tags":[],"class_list":["post-66812","post","type-post","status-publish","format-standard","has-post-thumbnail","hentry","category-internacionales-seleccion"],"_links":{"self":[{"href":"https:\/\/copades.com\/monec\/index.php?rest_route=\/wp\/v2\/posts\/66812","targetHints":{"allow":["GET"]}}],"collection":[{"href":"https:\/\/copades.com\/monec\/index.php?rest_route=\/wp\/v2\/posts"}],"about":[{"href":"https:\/\/copades.com\/monec\/index.php?rest_route=\/wp\/v2\/types\/post"}],"author":[{"embeddable":true,"href":"https:\/\/copades.com\/monec\/index.php?rest_route=\/wp\/v2\/users\/1"}],"replies":[{"embeddable":true,"href":"https:\/\/copades.com\/monec\/index.php?rest_route=%2Fwp%2Fv2%2Fcomments&post=66812"}],"version-history":[{"count":1,"href":"https:\/\/copades.com\/monec\/index.php?rest_route=\/wp\/v2\/posts\/66812\/revisions"}],"predecessor-version":[{"id":66813,"href":"https:\/\/copades.com\/monec\/index.php?rest_route=\/wp\/v2\/posts\/66812\/revisions\/66813"}],"wp:featuredmedia":[{"embeddable":true,"href":"https:\/\/copades.com\/monec\/index.php?rest_route=\/wp\/v2\/media\/57231"}],"wp:attachment":[{"href":"https:\/\/copades.com\/monec\/index.php?rest_route=%2Fwp%2Fv2%2Fmedia&parent=66812"}],"wp:term":[{"taxonomy":"category","embeddable":true,"href":"https:\/\/copades.com\/monec\/index.php?rest_route=%2Fwp%2Fv2%2Fcategories&post=66812"},{"taxonomy":"post_tag","embeddable":true,"href":"https:\/\/copades.com\/monec\/index.php?rest_route=%2Fwp%2Fv2%2Ftags&post=66812"}],"curies":[{"name":"wp","href":"https:\/\/api.w.org\/{rel}","templated":true}]}}