{"id":67070,"date":"2025-09-24T10:24:47","date_gmt":"2025-09-24T16:24:47","guid":{"rendered":"https:\/\/copades.com\/monec\/?p=67070"},"modified":"2025-09-24T10:24:47","modified_gmt":"2025-09-24T16:24:47","slug":"crecimiento-economico-debil-para-al-este-ano","status":"publish","type":"post","link":"https:\/\/copades.com\/monec\/?p=67070","title":{"rendered":"Crecimiento econ\u00f3mico d\u00e9bil para AL este a\u00f1o"},"content":{"rendered":"<p style=\"text-align: justify;\">De los 73 economistas en jefe de organismos internacionales e instituciones financieras de operaci\u00f3n global, consultados por el Foro Econ\u00f3mico Mundial (WEF, por su sigla en ingl\u00e9s), 45% anticipan un crecimiento d\u00e9bil para el Producto Interno Bruto (PIB) de Am\u00e9rica Latina y el Caribe. Solo 34% prev\u00e9 un crecimiento moderado, seg\u00fan los resultados de la encuesta semestral del WEF. En este pulso de opini\u00f3n la media de ellos anticipa que la din\u00e1mica de la inflaci\u00f3n mostrar\u00e1 una mejora m\u00e1s clara. En abril, 38% de los economistas esperaba una inflaci\u00f3n alta, pero en esta versi\u00f3n de la encuesta, baj\u00f3 a 18% del total la proporci\u00f3n de especialistas que esperaba una inflaci\u00f3n con presiones al alza. En la encuesta, donde no se hace acercamiento de expectativas por pa\u00eds, hicieron una menci\u00f3n espec\u00edfica a M\u00e9xico, cuando revisaron el caso de China. Destacaron que \u201cla imposici\u00f3n de nuevos aranceles por parte de M\u00e9xico, el mayor comprador mundial de autom\u00f3viles chinos, a\u00f1adi\u00f3 nueva incertidumbre a las exportaciones chinas\u201d. A nivel mundial, 72% de los economistas jefe consultados estima que la econom\u00eda mundial se debilitar\u00e1 el a\u00f1o pr\u00f3ximo, reflejando el impacto de perturbaciones como las del comercio, la tecnolog\u00eda, las materias primas y las instituciones. En la lectura de los resultados, el l\u00edder del centro de transformaci\u00f3n y crecimiento del WEF, <strong>Aengus Collins<\/strong>, observ\u00f3 que \u201cbuena parte de las perturbaciones que hoy afectan a la econom\u00eda no tienen un car\u00e1cter c\u00edclico. Est\u00e1 enfrentando choques aislados que ameritan el desarrollo de nuevas formas de liderazgo y resiliencia\u201d. En el apartado para conocer como ven el panorama de inhibidores para el crecimiento y desarrollo para los pr\u00f3ximos tres a\u00f1os, encontraron a la debilidad de las instituciones y gobernabilidad, como el de mayor frecuencia de respuesta para econom\u00edas emergentes con el 58% de las menciones. (eleconomista.com.mx 24.09.25)<\/p>\n","protected":false},"excerpt":{"rendered":"<p>De los 73 economistas en jefe de organismos internacionales e instituciones financieras de operaci\u00f3n global, consultados por el Foro Econ\u00f3mico Mundial (WEF, por su sigla en ingl\u00e9s), 45% anticipan un crecimiento d\u00e9bil para el&#46;&#46;&#46;<\/p>\n","protected":false},"author":1,"featured_media":59143,"comment_status":"open","ping_status":"closed","sticky":false,"template":"","format":"standard","meta":{"footnotes":""},"categories":[55],"tags":[],"class_list":["post-67070","post","type-post","status-publish","format-standard","has-post-thumbnail","hentry","category-internacionales-seleccion"],"_links":{"self":[{"href":"https:\/\/copades.com\/monec\/index.php?rest_route=\/wp\/v2\/posts\/67070","targetHints":{"allow":["GET"]}}],"collection":[{"href":"https:\/\/copades.com\/monec\/index.php?rest_route=\/wp\/v2\/posts"}],"about":[{"href":"https:\/\/copades.com\/monec\/index.php?rest_route=\/wp\/v2\/types\/post"}],"author":[{"embeddable":true,"href":"https:\/\/copades.com\/monec\/index.php?rest_route=\/wp\/v2\/users\/1"}],"replies":[{"embeddable":true,"href":"https:\/\/copades.com\/monec\/index.php?rest_route=%2Fwp%2Fv2%2Fcomments&post=67070"}],"version-history":[{"count":1,"href":"https:\/\/copades.com\/monec\/index.php?rest_route=\/wp\/v2\/posts\/67070\/revisions"}],"predecessor-version":[{"id":67071,"href":"https:\/\/copades.com\/monec\/index.php?rest_route=\/wp\/v2\/posts\/67070\/revisions\/67071"}],"wp:featuredmedia":[{"embeddable":true,"href":"https:\/\/copades.com\/monec\/index.php?rest_route=\/wp\/v2\/media\/59143"}],"wp:attachment":[{"href":"https:\/\/copades.com\/monec\/index.php?rest_route=%2Fwp%2Fv2%2Fmedia&parent=67070"}],"wp:term":[{"taxonomy":"category","embeddable":true,"href":"https:\/\/copades.com\/monec\/index.php?rest_route=%2Fwp%2Fv2%2Fcategories&post=67070"},{"taxonomy":"post_tag","embeddable":true,"href":"https:\/\/copades.com\/monec\/index.php?rest_route=%2Fwp%2Fv2%2Ftags&post=67070"}],"curies":[{"name":"wp","href":"https:\/\/api.w.org\/{rel}","templated":true}]}}