{"id":67127,"date":"2025-09-29T10:11:20","date_gmt":"2025-09-29T16:11:20","guid":{"rendered":"https:\/\/copades.com\/monec\/?p=67127"},"modified":"2025-09-29T10:11:20","modified_gmt":"2025-09-29T16:11:20","slug":"el-precio-del-cafe-se-dispara-un-24-3-interanual-en-agosto","status":"publish","type":"post","link":"https:\/\/copades.com\/monec\/?p=67127","title":{"rendered":"El precio del caf\u00e9 se dispara un 24.3 % interanual en agosto"},"content":{"rendered":"<p style=\"text-align: justify;\">El Precio Indicador Compuesto de la Organizaci\u00f3n Internacional del Caf\u00e9 (OIC) experiment\u00f3 un aumento interanual del 24.3% en agosto, tras llegar a los $297.05. El alza mensual fue del 14.6%, influenciado por diferentes factores, entre los que destacan el arancel del 50% impuesto por Estados Unidos al caf\u00e9 brasile\u00f1o. El \u00edndice de la OIC que combina precios de diferentes grupos de caf\u00e9, como el \u201cOtros Suaves\u201d al que pertenece el grano salvadore\u00f1o, present\u00f3 un incremento generalizado. El grupo de caf\u00e9 los Robustas lideraron el aumento con un 19.1%, llegando a $199.13, los Suaves Colombianos subieron un 13.8%, promediando $366.72, seg\u00fan el informe de la OIC. Los Otros Suaves y los Naturales Brasile\u00f1os, promediaron $366.32 y $366.88, respectivamente con incrementos del 12.5% y 13.4%. \u201cLa falta de lluvia en las regiones cafetaleras de Brasil previo al periodo cr\u00edtico de floraci\u00f3n, genera mucha expectativa, los fondos de inversi\u00f3n colocan grandes sumas de sus portafolios en caf\u00e9 debido a esto, as\u00ed como por la incertidumbre econ\u00f3mica generada por Estados Unidos y las situaciones pol\u00edticas actuales\u201d, dijo <strong>Karla J. Merlos<\/strong>, vicepresidenta de BlissCoffee. Brasil es el mayor productor y exportador de caf\u00e9 del mundo, por lo que su producci\u00f3n o pol\u00edticas internas influyen directamente en la oferta global y en los precios. La OIC identific\u00f3 un lento ritmo de comercializaci\u00f3n, calculando que, aunque m\u00e1s del 99% de la cosecha brasile\u00f1a 2025-2026 ya fue recolectada, menos del 35% ha sido comercializada. Este fen\u00f3meno podr\u00eda estar relacionado con que el programa de financiaci\u00f3n Funcaf\u00e9 ha otorgado $1,290 millones a los productores, lo cual les ha permitido retener inventario y no vender de forma inmediata. Asimismo, resalt\u00f3 que el mercado mostr\u00f3 una alta afluencia de posiciones \u201clargas\u201d por parte de los tostadores en el informe de la Comisi\u00f3n de Negociaci\u00f3n de Futuros de Productos B\u00e1sicos (CFTC, por sus siglas en ingl\u00e9s), lo cual indica que est\u00e1n comprando para protegerse contra futuros aumentos de precios, lo que refuerza la tendencia alcista.\u00a0(eleconomista.net 29.09.25)<\/p>\n","protected":false},"excerpt":{"rendered":"<p>El Precio Indicador Compuesto de la Organizaci\u00f3n Internacional del Caf\u00e9 (OIC) experiment\u00f3 un aumento interanual del 24.3% en agosto, tras llegar a los $297.05. El alza mensual fue del 14.6%, influenciado por diferentes factores,&#46;&#46;&#46;<\/p>\n","protected":false},"author":1,"featured_media":48899,"comment_status":"open","ping_status":"closed","sticky":false,"template":"","format":"standard","meta":{"footnotes":""},"categories":[55],"tags":[],"class_list":["post-67127","post","type-post","status-publish","format-standard","has-post-thumbnail","hentry","category-internacionales-seleccion"],"_links":{"self":[{"href":"https:\/\/copades.com\/monec\/index.php?rest_route=\/wp\/v2\/posts\/67127","targetHints":{"allow":["GET"]}}],"collection":[{"href":"https:\/\/copades.com\/monec\/index.php?rest_route=\/wp\/v2\/posts"}],"about":[{"href":"https:\/\/copades.com\/monec\/index.php?rest_route=\/wp\/v2\/types\/post"}],"author":[{"embeddable":true,"href":"https:\/\/copades.com\/monec\/index.php?rest_route=\/wp\/v2\/users\/1"}],"replies":[{"embeddable":true,"href":"https:\/\/copades.com\/monec\/index.php?rest_route=%2Fwp%2Fv2%2Fcomments&post=67127"}],"version-history":[{"count":1,"href":"https:\/\/copades.com\/monec\/index.php?rest_route=\/wp\/v2\/posts\/67127\/revisions"}],"predecessor-version":[{"id":67128,"href":"https:\/\/copades.com\/monec\/index.php?rest_route=\/wp\/v2\/posts\/67127\/revisions\/67128"}],"wp:featuredmedia":[{"embeddable":true,"href":"https:\/\/copades.com\/monec\/index.php?rest_route=\/wp\/v2\/media\/48899"}],"wp:attachment":[{"href":"https:\/\/copades.com\/monec\/index.php?rest_route=%2Fwp%2Fv2%2Fmedia&parent=67127"}],"wp:term":[{"taxonomy":"category","embeddable":true,"href":"https:\/\/copades.com\/monec\/index.php?rest_route=%2Fwp%2Fv2%2Fcategories&post=67127"},{"taxonomy":"post_tag","embeddable":true,"href":"https:\/\/copades.com\/monec\/index.php?rest_route=%2Fwp%2Fv2%2Ftags&post=67127"}],"curies":[{"name":"wp","href":"https:\/\/api.w.org\/{rel}","templated":true}]}}