{"id":67170,"date":"2025-09-30T10:43:50","date_gmt":"2025-09-30T16:43:50","guid":{"rendered":"https:\/\/copades.com\/monec\/?p=67170"},"modified":"2025-09-30T10:43:50","modified_gmt":"2025-09-30T16:43:50","slug":"postergan-para-2026-la-mezcla-de-etanol-en-vehiculos","status":"publish","type":"post","link":"https:\/\/copades.com\/monec\/?p=67170","title":{"rendered":"Postergan para 2026 la mezcla de etanol en veh\u00edculos"},"content":{"rendered":"<p style=\"text-align: justify;\">La obligaci\u00f3n de hacer una mezcla de alcohol carburante con gasolina, que deb\u00eda realizarse a partir del 1 de enero, ser\u00e1 aplazada hasta el segundo semestre del pr\u00f3ximo a\u00f1o, anunci\u00f3 el titular del Ministerio de Energ\u00eda y Minas (MEM), <strong>V\u00edctor Hugo Ventura<\/strong>. En la conferencia de prensa La Ronda, explic\u00f3 que se mantiene el di\u00e1logo con los distintos agentes de la cadena de comercializaci\u00f3n de hidrocarburos para resolver las inquietudes respecto a esta medida, que fue establecida en el Acuerdo Gubernativo 159-2023. Record\u00f3 que en julio del a\u00f1o pasado se aplic\u00f3 la primera pr\u00f3rroga al 1 de enero de 2026 en el Acuerdo Gubernativo 101-2024, pues en el Reglamento General de la Ley del Alcohol Carburante originalmente estaba contemplado para el 1 de enero de 2025. \u201cSe est\u00e1n haciendo los ajustes precisamente al reglamento\u201d, subray\u00f3 el funcionario quien agreg\u00f3 que \u201ctodav\u00eda no ha sido publicada esa modificaci\u00f3n, de tal forma que puedan darse los plazos para las inversiones que tendr\u00e1n que hacerse, especialmente en las terminales importadoras y en las estaciones de servicio, cuyo ajuste debe ser menor\u201d. El 31 de mayo del 2024, seg\u00fan resoluci\u00f3n DGE-1120-2024 emitida por la Direcci\u00f3n General de Energ\u00eda, del MEM, la combinaci\u00f3n ser\u00e1 de 10 % de etanol con 90 % de gasolina. (DCA 30.09.25)<\/p>\n","protected":false},"excerpt":{"rendered":"<p>La obligaci\u00f3n de hacer una mezcla de alcohol carburante con gasolina, que deb\u00eda realizarse a partir del 1 de enero, ser\u00e1 aplazada hasta el segundo semestre del pr\u00f3ximo a\u00f1o, anunci\u00f3 el titular del Ministerio&#46;&#46;&#46;<\/p>\n","protected":false},"author":1,"featured_media":50249,"comment_status":"open","ping_status":"closed","sticky":false,"template":"","format":"standard","meta":{"footnotes":""},"categories":[12],"tags":[],"class_list":["post-67170","post","type-post","status-publish","format-standard","has-post-thumbnail","hentry","category-consumo"],"_links":{"self":[{"href":"https:\/\/copades.com\/monec\/index.php?rest_route=\/wp\/v2\/posts\/67170","targetHints":{"allow":["GET"]}}],"collection":[{"href":"https:\/\/copades.com\/monec\/index.php?rest_route=\/wp\/v2\/posts"}],"about":[{"href":"https:\/\/copades.com\/monec\/index.php?rest_route=\/wp\/v2\/types\/post"}],"author":[{"embeddable":true,"href":"https:\/\/copades.com\/monec\/index.php?rest_route=\/wp\/v2\/users\/1"}],"replies":[{"embeddable":true,"href":"https:\/\/copades.com\/monec\/index.php?rest_route=%2Fwp%2Fv2%2Fcomments&post=67170"}],"version-history":[{"count":1,"href":"https:\/\/copades.com\/monec\/index.php?rest_route=\/wp\/v2\/posts\/67170\/revisions"}],"predecessor-version":[{"id":67171,"href":"https:\/\/copades.com\/monec\/index.php?rest_route=\/wp\/v2\/posts\/67170\/revisions\/67171"}],"wp:featuredmedia":[{"embeddable":true,"href":"https:\/\/copades.com\/monec\/index.php?rest_route=\/wp\/v2\/media\/50249"}],"wp:attachment":[{"href":"https:\/\/copades.com\/monec\/index.php?rest_route=%2Fwp%2Fv2%2Fmedia&parent=67170"}],"wp:term":[{"taxonomy":"category","embeddable":true,"href":"https:\/\/copades.com\/monec\/index.php?rest_route=%2Fwp%2Fv2%2Fcategories&post=67170"},{"taxonomy":"post_tag","embeddable":true,"href":"https:\/\/copades.com\/monec\/index.php?rest_route=%2Fwp%2Fv2%2Ftags&post=67170"}],"curies":[{"name":"wp","href":"https:\/\/api.w.org\/{rel}","templated":true}]}}