{"id":67257,"date":"2025-10-06T10:20:45","date_gmt":"2025-10-06T16:20:45","guid":{"rendered":"https:\/\/copades.com\/monec\/?p=67257"},"modified":"2025-10-06T10:20:45","modified_gmt":"2025-10-06T16:20:45","slug":"gobierno-explica-razones-del-veto","status":"publish","type":"post","link":"https:\/\/copades.com\/monec\/?p=67257","title":{"rendered":"Gobierno explica razones del veto"},"content":{"rendered":"<p style=\"text-align: justify;\">El presidente <strong>Bernardo Ar\u00e9valo<\/strong> detalla los argumentos constitucionales que lo llevaron a \u00e9l, en Consejo de Ministros, a vetar la Ley de Fortalecimiento Financiero y Continuidad de los Proyectos de los Consejos de Desarrollo Urbano y Rural (Decreto 7-2025), que los diputados aprobaron el 2 de septiembre pasado.\u00a0El primer razonamiento que expone el Acuerdo Gubernativo 182-2025 es el relativo a seguridad jur\u00eddica, que obliga al poder p\u00fablico, incluido el Parlamento, a emitir leyes y disposiciones de car\u00e1cter general \u201cque sean confiables, estables, predecibles, inteligibles, coherentes y que revelen un sentido claro en relaci\u00f3n con las consecuencias jur\u00eddicas que derivan de ellas\u201d. Adem\u00e1s, recuerda que es funci\u00f3n del Parlamento aprobar, modificar o improbar. Refiere que vencida esa etapa, corresponde al Gobierno aprobar la distribuci\u00f3n anal\u00edtica; sin embargo, la Ley de los Consejos recientemente avalada es contraria a los preceptos se\u00f1alados. El acuerdo cita: \u201cEl legislador ordinario le pretende asignar al Ministerio de Finanzas la atribuci\u00f3n de modificar el presupuesto a trav\u00e9s de una ampliaci\u00f3n, atribuci\u00f3n que la Constituci\u00f3n confiere con exclusividad\u201d a los diputados para cada ejercicio fiscal. \u201cLo anterior vulnera el sistema de gobierno republicano contenido en el texto constitucional, al pretender un Organismo de Estado asignar su atribuci\u00f3n a otro\u201d. En el acuerdo 182-2025 refiere el Art\u00edculo 238 de la Carta Magna que reza: \u201cCuando se contrate obra o servicio que abarque dos o m\u00e1s per\u00edodos fiscales deben provisionarse los fondos necesarios para su terminaci\u00f3n en los presupuestos correspondientes\u201d, lo que irrespetaron los congresistas en el decreto en menci\u00f3n. (DCA 06.10.25)<\/p>\n","protected":false},"excerpt":{"rendered":"<p>El presidente Bernardo Ar\u00e9valo detalla los argumentos constitucionales que lo llevaron a \u00e9l, en Consejo de Ministros, a vetar la Ley de Fortalecimiento Financiero y Continuidad de los Proyectos de los Consejos de Desarrollo&#46;&#46;&#46;<\/p>\n","protected":false},"author":1,"featured_media":51526,"comment_status":"open","ping_status":"closed","sticky":false,"template":"","format":"standard","meta":{"footnotes":""},"categories":[41],"tags":[],"class_list":["post-67257","post","type-post","status-publish","format-standard","has-post-thumbnail","hentry","category-finanzas-publicas"],"_links":{"self":[{"href":"https:\/\/copades.com\/monec\/index.php?rest_route=\/wp\/v2\/posts\/67257","targetHints":{"allow":["GET"]}}],"collection":[{"href":"https:\/\/copades.com\/monec\/index.php?rest_route=\/wp\/v2\/posts"}],"about":[{"href":"https:\/\/copades.com\/monec\/index.php?rest_route=\/wp\/v2\/types\/post"}],"author":[{"embeddable":true,"href":"https:\/\/copades.com\/monec\/index.php?rest_route=\/wp\/v2\/users\/1"}],"replies":[{"embeddable":true,"href":"https:\/\/copades.com\/monec\/index.php?rest_route=%2Fwp%2Fv2%2Fcomments&post=67257"}],"version-history":[{"count":1,"href":"https:\/\/copades.com\/monec\/index.php?rest_route=\/wp\/v2\/posts\/67257\/revisions"}],"predecessor-version":[{"id":67258,"href":"https:\/\/copades.com\/monec\/index.php?rest_route=\/wp\/v2\/posts\/67257\/revisions\/67258"}],"wp:featuredmedia":[{"embeddable":true,"href":"https:\/\/copades.com\/monec\/index.php?rest_route=\/wp\/v2\/media\/51526"}],"wp:attachment":[{"href":"https:\/\/copades.com\/monec\/index.php?rest_route=%2Fwp%2Fv2%2Fmedia&parent=67257"}],"wp:term":[{"taxonomy":"category","embeddable":true,"href":"https:\/\/copades.com\/monec\/index.php?rest_route=%2Fwp%2Fv2%2Fcategories&post=67257"},{"taxonomy":"post_tag","embeddable":true,"href":"https:\/\/copades.com\/monec\/index.php?rest_route=%2Fwp%2Fv2%2Ftags&post=67257"}],"curies":[{"name":"wp","href":"https:\/\/api.w.org\/{rel}","templated":true}]}}