{"id":67270,"date":"2025-10-07T10:23:16","date_gmt":"2025-10-07T16:23:16","guid":{"rendered":"https:\/\/copades.com\/monec\/?p=67270"},"modified":"2025-10-07T10:23:16","modified_gmt":"2025-10-07T16:23:16","slug":"proceso-desinflacionario-ya-concluyo-en-europa","status":"publish","type":"post","link":"https:\/\/copades.com\/monec\/?p=67270","title":{"rendered":"Proceso desinflacionario ya concluy\u00f3 en Europa"},"content":{"rendered":"<p style=\"text-align: justify;\">La presidenta del Banco Central Europeo, <strong>Christine Lagarde<\/strong>, reafirm\u00f3 que el proceso desinflacionario ha finalizado ya que la variable de la zona euro es cercana al 2 % (el objetivo fijado por el BCE) y se espera que se mantenga en torno a ese nivel seg\u00fan las previsiones de la entidad monetaria. En su comparecencia en la comisi\u00f3n de Asuntos Econ\u00f3micos del Parlamento Europeo, la funcionaria subray\u00f3 que este an\u00e1lisis de la situaci\u00f3n hab\u00eda llevado al consejo de Gobierno del BCE a mantener invariables los tipos de inter\u00e9s, si bien evit\u00f3 anticipar nuevos movimientos. \u201cNo nos comprometemos de antemano con una trayectoria de tasas espec\u00edfica\u201d, subray\u00f3 Lagarde despu\u00e9s de asegurar que \u201cestamos decididos a garantizar que la inflaci\u00f3n se estabilice en nuestro objetivo del 2 % a medio plazo\u201d y que cualquier decisi\u00f3n se adoptar\u00e1 en \u201cun enfoque basado en los datos y reuni\u00f3n por reuni\u00f3n\u201d. De acuerdo con los t\u00e9cnicos de la entidad monetaria, el incremento en los precios en general ser\u00e1 del 2.1 % en 2025, 1.7 % en 2026 y 1.9 % en 2027 y se prev\u00e9 que la subyacente (excluyendo energ\u00eda y alimentos) disminuya del 2.4 % este a\u00f1o al 1.9 % en 2026 y al 1.8 % en 2027. Lagarde explic\u00f3 que aunque \u201clas perspectivas de inflaci\u00f3n en la zona euro siguen siendo m\u00e1s inciertas de lo habitual, con un entorno de pol\u00edtica comercial mundial a\u00fan vol\u00e1til, responsable de riesgos tanto al alza como a la baja\u201d, la nueva informaci\u00f3n disponible muestra que \u201cel espectro de riesgos en ambos frentes se ha reducido\u201d. El an\u00e1lisis de la presidenta a\u00f1adi\u00f3 que los riesgos para el crecimiento econ\u00f3mico se han equilibrado tras el convenio comercial alcanzado entre los Veintisiete y Estados Unidos; no obstante, \u201cpersiste el peligro de que la reanudaci\u00f3n de las tensiones comerciales pueda frenar a\u00fan m\u00e1s las exportaciones, la inversi\u00f3n y el consumo\u201d. (DCA 07.10.25)<\/p>\n","protected":false},"excerpt":{"rendered":"<p>La presidenta del Banco Central Europeo, Christine Lagarde, reafirm\u00f3 que el proceso desinflacionario ha finalizado ya que la variable de la zona euro es cercana al 2 % (el objetivo fijado por el BCE)&#46;&#46;&#46;<\/p>\n","protected":false},"author":1,"featured_media":51394,"comment_status":"open","ping_status":"closed","sticky":false,"template":"","format":"standard","meta":{"footnotes":""},"categories":[55],"tags":[],"class_list":["post-67270","post","type-post","status-publish","format-standard","has-post-thumbnail","hentry","category-internacionales-seleccion"],"_links":{"self":[{"href":"https:\/\/copades.com\/monec\/index.php?rest_route=\/wp\/v2\/posts\/67270","targetHints":{"allow":["GET"]}}],"collection":[{"href":"https:\/\/copades.com\/monec\/index.php?rest_route=\/wp\/v2\/posts"}],"about":[{"href":"https:\/\/copades.com\/monec\/index.php?rest_route=\/wp\/v2\/types\/post"}],"author":[{"embeddable":true,"href":"https:\/\/copades.com\/monec\/index.php?rest_route=\/wp\/v2\/users\/1"}],"replies":[{"embeddable":true,"href":"https:\/\/copades.com\/monec\/index.php?rest_route=%2Fwp%2Fv2%2Fcomments&post=67270"}],"version-history":[{"count":1,"href":"https:\/\/copades.com\/monec\/index.php?rest_route=\/wp\/v2\/posts\/67270\/revisions"}],"predecessor-version":[{"id":67271,"href":"https:\/\/copades.com\/monec\/index.php?rest_route=\/wp\/v2\/posts\/67270\/revisions\/67271"}],"wp:featuredmedia":[{"embeddable":true,"href":"https:\/\/copades.com\/monec\/index.php?rest_route=\/wp\/v2\/media\/51394"}],"wp:attachment":[{"href":"https:\/\/copades.com\/monec\/index.php?rest_route=%2Fwp%2Fv2%2Fmedia&parent=67270"}],"wp:term":[{"taxonomy":"category","embeddable":true,"href":"https:\/\/copades.com\/monec\/index.php?rest_route=%2Fwp%2Fv2%2Fcategories&post=67270"},{"taxonomy":"post_tag","embeddable":true,"href":"https:\/\/copades.com\/monec\/index.php?rest_route=%2Fwp%2Fv2%2Ftags&post=67270"}],"curies":[{"name":"wp","href":"https:\/\/api.w.org\/{rel}","templated":true}]}}