{"id":67595,"date":"2025-10-24T06:32:26","date_gmt":"2025-10-24T12:32:26","guid":{"rendered":"https:\/\/copades.com\/monec\/?p=67595"},"modified":"2025-10-24T06:32:26","modified_gmt":"2025-10-24T12:32:26","slug":"cepal-preve-crecimiento-de-3-7-para-guatemala","status":"publish","type":"post","link":"https:\/\/copades.com\/monec\/?p=67595","title":{"rendered":"Cepal prev\u00e9 crecimiento de 3.7 % para Guatemala"},"content":{"rendered":"<p style=\"text-align: justify;\">La Comisi\u00f3n Econ\u00f3mica para Am\u00e9rica Latina y el Caribe (Cepal) cifr\u00f3 en 3.7 % el crecimiento del producto interno bruto (PIB) guatemalteco para este a\u00f1o, el mismo que en 2024, pero lo incrementa a 4.0 % en 2026. El organismo pronostica para Panam\u00e1 un alza de 4.1 % y Costa Rica, 3.8 % superior a Guatemala y la misma tasa que Honduras en este per\u00edodo (vea gr\u00e1fica: Al alza). La entidad prev\u00e9 un progreso sustentado por la demanda interna, en particular espera un aumento del gasto p\u00fablico y el consumo privado, impulsado por los flujos de remesas. No obstante, estas expectativas son menores a las definidas por la Junta Monetaria, que mantiene en 4.0 % el PIB de este a\u00f1o (un rango de entre 3 y 5%) y en 3.9 % para el pr\u00f3ximo per\u00edodo (una banda de 2.9 a 4.9 %). En el \u00e1mbito regional, la Cepal mejor\u00f3 en dos d\u00e9cimas su pron\u00f3stico con respecto a la \u00faltima proyecci\u00f3n y elev\u00f3 su estimaci\u00f3n al 2.4 %. \u201cEste ajuste refleja un entorno internacional menos adverso que el previsto en abril, pero no altera el diagn\u00f3stico de fondo: el impulso externo al crecimiento se ha desacelerado y el \u00e1rea contin\u00faa a un ritmo bajo\u201d, alert\u00f3 el organismo de Naciones Unidas, con sede en Santiago. Para 2026, Cepal mantiene la estimaci\u00f3n de crecimiento regional en el 2.3 %. Tras las revisiones de abril y agosto, se trata de la tercera mejora que hace la instituci\u00f3n desde que el presidente estadounidense, <strong>Donald Trump<\/strong>, lleg\u00f3 al poder en enero pasado y comenz\u00f3 una guerra comercial contra la mayor\u00eda de las naciones, incluida Latinoam\u00e9rica. Las revisiones responden tanto a \u201cmodificaciones en los escenarios del alza del comercio internacional por efectos de los anuncios en materia arancelaria que ha efectuado Estados Unidos\u201d como a \u201cajustes en las perspectivas de crecimiento de los principales socios comerciales de la regi\u00f3n, cuyo ritmo, si bien se ha desacelerado respecto a 2024, registra mejoras\u201d, detalla la entidad. (DCA 24.10.25)<\/p>\n","protected":false},"excerpt":{"rendered":"<p>La Comisi\u00f3n Econ\u00f3mica para Am\u00e9rica Latina y el Caribe (Cepal) cifr\u00f3 en 3.7 % el crecimiento del producto interno bruto (PIB) guatemalteco para este a\u00f1o, el mismo que en 2024, pero lo incrementa a&#46;&#46;&#46;<\/p>\n","protected":false},"author":1,"featured_media":49207,"comment_status":"open","ping_status":"closed","sticky":false,"template":"","format":"standard","meta":{"footnotes":""},"categories":[5],"tags":[],"class_list":["post-67595","post","type-post","status-publish","format-standard","has-post-thumbnail","hentry","category-actividad-productiva"],"_links":{"self":[{"href":"https:\/\/copades.com\/monec\/index.php?rest_route=\/wp\/v2\/posts\/67595","targetHints":{"allow":["GET"]}}],"collection":[{"href":"https:\/\/copades.com\/monec\/index.php?rest_route=\/wp\/v2\/posts"}],"about":[{"href":"https:\/\/copades.com\/monec\/index.php?rest_route=\/wp\/v2\/types\/post"}],"author":[{"embeddable":true,"href":"https:\/\/copades.com\/monec\/index.php?rest_route=\/wp\/v2\/users\/1"}],"replies":[{"embeddable":true,"href":"https:\/\/copades.com\/monec\/index.php?rest_route=%2Fwp%2Fv2%2Fcomments&post=67595"}],"version-history":[{"count":1,"href":"https:\/\/copades.com\/monec\/index.php?rest_route=\/wp\/v2\/posts\/67595\/revisions"}],"predecessor-version":[{"id":67596,"href":"https:\/\/copades.com\/monec\/index.php?rest_route=\/wp\/v2\/posts\/67595\/revisions\/67596"}],"wp:featuredmedia":[{"embeddable":true,"href":"https:\/\/copades.com\/monec\/index.php?rest_route=\/wp\/v2\/media\/49207"}],"wp:attachment":[{"href":"https:\/\/copades.com\/monec\/index.php?rest_route=%2Fwp%2Fv2%2Fmedia&parent=67595"}],"wp:term":[{"taxonomy":"category","embeddable":true,"href":"https:\/\/copades.com\/monec\/index.php?rest_route=%2Fwp%2Fv2%2Fcategories&post=67595"},{"taxonomy":"post_tag","embeddable":true,"href":"https:\/\/copades.com\/monec\/index.php?rest_route=%2Fwp%2Fv2%2Ftags&post=67595"}],"curies":[{"name":"wp","href":"https:\/\/api.w.org\/{rel}","templated":true}]}}