{"id":67702,"date":"2025-10-31T10:05:51","date_gmt":"2025-10-31T16:05:51","guid":{"rendered":"https:\/\/copades.com\/monec\/?p=67702"},"modified":"2025-10-31T10:05:51","modified_gmt":"2025-10-31T16:05:51","slug":"senado-revoca-aranceles","status":"publish","type":"post","link":"https:\/\/copades.com\/monec\/?p=67702","title":{"rendered":"Senado revoca aranceles"},"content":{"rendered":"<p style=\"text-align: justify;\">El Senado norteamericano aprob\u00f3 revocar los aranceles globales anunciados por Donald Trump contra m\u00e1s de 100 pa\u00edses en abril, en una nueva acci\u00f3n simb\u00f3lica de la C\u00e1mara Alta contra la pol\u00edtica comercial del gobernante republicano. Con 51 votos a favor y 47 en contra, el Senado decidi\u00f3 rechazar la principal pol\u00edtica comercial del mandatario estadounidense, y tuvo el apoyo de los legisladores republicanos <strong>Rand Pau<\/strong>l y <strong>Mitch McConnell<\/strong>, de Kentucky; <strong>Susan Collins<\/strong>, de Maine, y <strong>Lisa Murkowski<\/strong>, de Alaska. La resoluci\u00f3n sigui\u00f3 a otras dos aprobadas esta semana, para eliminar los tributos a Canad\u00e1 y Brasil, que contaron tambi\u00e9n con el aval bipartidista. Durante la votaci\u00f3n, el oficialista McConnell expres\u00f3 que \u201clos aranceles encarecen tanto la construcci\u00f3n como la compra en Estados Unidos\u201d y que \u201clos perjuicios econ\u00f3micos de las guerras comerciales no son la excepci\u00f3n, sino la regla\u201d. La medida, al igual que las otras dos aprobadas esta misma semana, terminar\u00e1 por ser un acto simb\u00f3lico, debido a que pasa ahora a la C\u00e1mara de Representantes, donde tiene muy pocas posibilidades de prosperar dada la mayor\u00eda republicana. Los grav\u00e1menes, llamados \u201crec\u00edprocos\u201d por la administraci\u00f3n Trump, del\u00a010 %\u00a0contra m\u00e1s de cien naciones fueron activados el\u00a05 de abril<strong>\u00a0<\/strong>al hacer uso de una ley de emergencia. Entre esa fecha y agosto, la naci\u00f3n norteamericana ha recaudado un aproximado de US $88 mil millones en ingresos fiscales, seg\u00fan la Oficina de Aduanas y Protecci\u00f3n Fronteriza. (DCA 31.10.25)<\/p>\n","protected":false},"excerpt":{"rendered":"<p>El Senado norteamericano aprob\u00f3 revocar los aranceles globales anunciados por Donald Trump contra m\u00e1s de 100 pa\u00edses en abril, en una nueva acci\u00f3n simb\u00f3lica de la C\u00e1mara Alta contra la pol\u00edtica comercial del gobernante&#46;&#46;&#46;<\/p>\n","protected":false},"author":1,"featured_media":64147,"comment_status":"open","ping_status":"closed","sticky":false,"template":"","format":"standard","meta":{"footnotes":""},"categories":[55],"tags":[],"class_list":["post-67702","post","type-post","status-publish","format-standard","has-post-thumbnail","hentry","category-internacionales-seleccion"],"_links":{"self":[{"href":"https:\/\/copades.com\/monec\/index.php?rest_route=\/wp\/v2\/posts\/67702","targetHints":{"allow":["GET"]}}],"collection":[{"href":"https:\/\/copades.com\/monec\/index.php?rest_route=\/wp\/v2\/posts"}],"about":[{"href":"https:\/\/copades.com\/monec\/index.php?rest_route=\/wp\/v2\/types\/post"}],"author":[{"embeddable":true,"href":"https:\/\/copades.com\/monec\/index.php?rest_route=\/wp\/v2\/users\/1"}],"replies":[{"embeddable":true,"href":"https:\/\/copades.com\/monec\/index.php?rest_route=%2Fwp%2Fv2%2Fcomments&post=67702"}],"version-history":[{"count":1,"href":"https:\/\/copades.com\/monec\/index.php?rest_route=\/wp\/v2\/posts\/67702\/revisions"}],"predecessor-version":[{"id":67703,"href":"https:\/\/copades.com\/monec\/index.php?rest_route=\/wp\/v2\/posts\/67702\/revisions\/67703"}],"wp:featuredmedia":[{"embeddable":true,"href":"https:\/\/copades.com\/monec\/index.php?rest_route=\/wp\/v2\/media\/64147"}],"wp:attachment":[{"href":"https:\/\/copades.com\/monec\/index.php?rest_route=%2Fwp%2Fv2%2Fmedia&parent=67702"}],"wp:term":[{"taxonomy":"category","embeddable":true,"href":"https:\/\/copades.com\/monec\/index.php?rest_route=%2Fwp%2Fv2%2Fcategories&post=67702"},{"taxonomy":"post_tag","embeddable":true,"href":"https:\/\/copades.com\/monec\/index.php?rest_route=%2Fwp%2Fv2%2Ftags&post=67702"}],"curies":[{"name":"wp","href":"https:\/\/api.w.org\/{rel}","templated":true}]}}