{"id":67847,"date":"2025-11-07T10:15:48","date_gmt":"2025-11-07T16:15:48","guid":{"rendered":"https:\/\/copades.com\/monec\/?p=67847"},"modified":"2025-11-07T10:15:48","modified_gmt":"2025-11-07T16:15:48","slug":"dragado-se-iniciara-el-8-de-diciembre","status":"publish","type":"post","link":"https:\/\/copades.com\/monec\/?p=67847","title":{"rendered":"Dragado se iniciar\u00e1 el 8 de diciembre"},"content":{"rendered":"<p style=\"text-align: justify;\"><strong>Fernando Suriano<\/strong>, viceministro de Transportes, del Ministerio de Comunicaciones, Infraestructura y Vivienda (CIV), inform\u00f3 que el 8 de diciembre comenzar\u00e1 el dragado en Puerto Quetzal, Escuintla, y se espera que el equipo que har\u00e1 esta tarea llegue a finales de este mes. Para financiar el proyecto, se hizo una alianza p\u00fablico-privada en donde las empresas privadas costear\u00e1n la obra y la Empresa Portuaria Quetzal efectuar\u00e1 descuentos a quienes hagan el pago correspondiente, lo que permite realizar las tareas con \u201ccero desembolsos\u201d. As\u00ed lo explic\u00f3 durante el foro Salgamos a Flote: El crecimiento de la carga presiona la infraestructura, organizado por la Asociaci\u00f3n Guatemalteca de Exportadores. En dicha actividad, el coordinador del Proyecto de Dragado, <strong>Guillermo Gonz\u00e1lez<\/strong>, manifest\u00f3 que esta iniciativa nace de un grupo de empresarios tras reconocer un problema en el atraque de buques, y decidi\u00f3 contratar un equipo mexicano. Sin embargo, la obra tiene retrasos por la homologaci\u00f3n de contratos y algunas condiciones que llevan m\u00e1s de un a\u00f1o en negociaciones. \u201cIniciamos el trabajo con la terminal ZetaGas, luego vamos con Retimex, la terminal de cruceros, pasamos a APM Terminal y dejamos por \u00faltimo el \u00e1rea del muelle comercial y el auxiliar\u201d, explic\u00f3 Gonz\u00e1lez. El consultor Jorge Benavides se\u00f1al\u00f3 que la problem\u00e1tica derivada de la poca profundidad del agua es que \u201clos barcos no pueden entrar cargados al m\u00e1ximo, por mucha capacidad que tengan; se ven obligados a ingresar en solo el 30 o 50 % de su capacidad total, para evitar el riesgo de encallar porque no hay certeza sobre la profundidad real del fondo marino. Por este mismo riesgo es que solo se atreven a atracar a ciertas horas del d\u00eda cuando la marea lo permite\u201d. Esta limitaci\u00f3n afecta el comercio, pues las naves reducen la carga entre un 5 y 10 % de lo que podr\u00edan traer, el tiempo de espera para atracar aumenta entre tres y cinco d\u00edas para los graneleros y hasta 18 horas para portacontenedores, agreg\u00f3. Esta demora genera costos de US $28 mil a US $32 mil diarios por cada buque. (DCA 07.11.25)<\/p>\n","protected":false},"excerpt":{"rendered":"<p>Fernando Suriano, viceministro de Transportes, del Ministerio de Comunicaciones, Infraestructura y Vivienda (CIV), inform\u00f3 que el 8 de diciembre comenzar\u00e1 el dragado en Puerto Quetzal, Escuintla, y se espera que el equipo que har\u00e1&#46;&#46;&#46;<\/p>\n","protected":false},"author":1,"featured_media":49430,"comment_status":"open","ping_status":"closed","sticky":false,"template":"","format":"standard","meta":{"footnotes":""},"categories":[22],"tags":[],"class_list":["post-67847","post","type-post","status-publish","format-standard","has-post-thumbnail","hentry","category-transporte-y-almacenamiento"],"_links":{"self":[{"href":"https:\/\/copades.com\/monec\/index.php?rest_route=\/wp\/v2\/posts\/67847","targetHints":{"allow":["GET"]}}],"collection":[{"href":"https:\/\/copades.com\/monec\/index.php?rest_route=\/wp\/v2\/posts"}],"about":[{"href":"https:\/\/copades.com\/monec\/index.php?rest_route=\/wp\/v2\/types\/post"}],"author":[{"embeddable":true,"href":"https:\/\/copades.com\/monec\/index.php?rest_route=\/wp\/v2\/users\/1"}],"replies":[{"embeddable":true,"href":"https:\/\/copades.com\/monec\/index.php?rest_route=%2Fwp%2Fv2%2Fcomments&post=67847"}],"version-history":[{"count":1,"href":"https:\/\/copades.com\/monec\/index.php?rest_route=\/wp\/v2\/posts\/67847\/revisions"}],"predecessor-version":[{"id":67848,"href":"https:\/\/copades.com\/monec\/index.php?rest_route=\/wp\/v2\/posts\/67847\/revisions\/67848"}],"wp:featuredmedia":[{"embeddable":true,"href":"https:\/\/copades.com\/monec\/index.php?rest_route=\/wp\/v2\/media\/49430"}],"wp:attachment":[{"href":"https:\/\/copades.com\/monec\/index.php?rest_route=%2Fwp%2Fv2%2Fmedia&parent=67847"}],"wp:term":[{"taxonomy":"category","embeddable":true,"href":"https:\/\/copades.com\/monec\/index.php?rest_route=%2Fwp%2Fv2%2Fcategories&post=67847"},{"taxonomy":"post_tag","embeddable":true,"href":"https:\/\/copades.com\/monec\/index.php?rest_route=%2Fwp%2Fv2%2Ftags&post=67847"}],"curies":[{"name":"wp","href":"https:\/\/api.w.org\/{rel}","templated":true}]}}