{"id":67868,"date":"2025-11-10T10:23:07","date_gmt":"2025-11-10T16:23:07","guid":{"rendered":"https:\/\/copades.com\/monec\/?p=67868"},"modified":"2025-11-10T10:23:07","modified_gmt":"2025-11-10T16:23:07","slug":"avanza-propuesta-de-ley-que-busca-crear-un-nuevo-operador-de-aeropuertos","status":"publish","type":"post","link":"https:\/\/copades.com\/monec\/?p=67868","title":{"rendered":"Avanza propuesta de ley que busca crear un nuevo operador de aeropuertos"},"content":{"rendered":"<p style=\"text-align: justify;\">Autoridades impulsan una iniciativa para separar las funciones regulatorias y operativas del sistema aeroportuario. El cambio permitir\u00eda atraer aerol\u00edneas, fortalecer la seguridad y activar vuelos directos hacia EE. UU.\u00a0Durante la segunda semana de diciembre se espera entregar a la Secretar\u00eda General de la Presidencia la iniciativa de ley que busca crear un nuevo operador del aeropuerto y deslindar a la Direcci\u00f3n General de Aeron\u00e1utica Civil (DGAC), con el fin de mejorar la competitividad aeroportuaria del pa\u00eds. La iniciativa para llevar a cabo esta separaci\u00f3n comenz\u00f3 a dise\u00f1arse en el 2024, al identificarse las brechas de cumplimiento respecto de las normas internacionales de aviaci\u00f3n, explic\u00f3 Fernando Suriano, viceministro de Transporte del Ministerio de Comunicaciones, Infraestructura y Vivienda (CIV). A partir de ello, se buscar\u00e1 constituir el \u201cOperador Aeroportuario de Guatemala\u201d, una entidad aut\u00f3noma que estar\u00e1 a cargo no solo de los aeropuertos La Aurora y Mundo Maya, sino tambi\u00e9n de todos los aer\u00f3dromos del pa\u00eds, expres\u00f3 <strong>Ronny Rodr\u00edguez<\/strong>, director de Sostenibilidad y Desarrollo Corporativo de Volaris. En el 2027 se proyecta contar con la auditor\u00eda de la Organizaci\u00f3n de Aviaci\u00f3n Civil Internacional (OACI), se\u00f1al\u00f3 Suriano, quien destac\u00f3 que en auditor\u00edas anteriores ya se hab\u00eda advertido que el sistema aeroportuario nacional presenta brechas de cumplimiento de car\u00e1cter jur\u00eddico. \u201cSi no se aprueba esta legislaci\u00f3n, ser\u00e1 muy dif\u00edcil superar la auditor\u00eda, lo que pone en riesgo la aviaci\u00f3n y los aeropuertos del pa\u00eds\u201d, sentenci\u00f3 el viceministro. (PL 10.11.25)<\/p>\n","protected":false},"excerpt":{"rendered":"<p>Autoridades impulsan una iniciativa para separar las funciones regulatorias y operativas del sistema aeroportuario. El cambio permitir\u00eda atraer aerol\u00edneas, fortalecer la seguridad y activar vuelos directos hacia EE. UU.\u00a0Durante la segunda semana de diciembre&#46;&#46;&#46;<\/p>\n","protected":false},"author":1,"featured_media":63312,"comment_status":"open","ping_status":"closed","sticky":false,"template":"","format":"standard","meta":{"footnotes":""},"categories":[22],"tags":[],"class_list":["post-67868","post","type-post","status-publish","format-standard","has-post-thumbnail","hentry","category-transporte-y-almacenamiento"],"_links":{"self":[{"href":"https:\/\/copades.com\/monec\/index.php?rest_route=\/wp\/v2\/posts\/67868","targetHints":{"allow":["GET"]}}],"collection":[{"href":"https:\/\/copades.com\/monec\/index.php?rest_route=\/wp\/v2\/posts"}],"about":[{"href":"https:\/\/copades.com\/monec\/index.php?rest_route=\/wp\/v2\/types\/post"}],"author":[{"embeddable":true,"href":"https:\/\/copades.com\/monec\/index.php?rest_route=\/wp\/v2\/users\/1"}],"replies":[{"embeddable":true,"href":"https:\/\/copades.com\/monec\/index.php?rest_route=%2Fwp%2Fv2%2Fcomments&post=67868"}],"version-history":[{"count":1,"href":"https:\/\/copades.com\/monec\/index.php?rest_route=\/wp\/v2\/posts\/67868\/revisions"}],"predecessor-version":[{"id":67869,"href":"https:\/\/copades.com\/monec\/index.php?rest_route=\/wp\/v2\/posts\/67868\/revisions\/67869"}],"wp:featuredmedia":[{"embeddable":true,"href":"https:\/\/copades.com\/monec\/index.php?rest_route=\/wp\/v2\/media\/63312"}],"wp:attachment":[{"href":"https:\/\/copades.com\/monec\/index.php?rest_route=%2Fwp%2Fv2%2Fmedia&parent=67868"}],"wp:term":[{"taxonomy":"category","embeddable":true,"href":"https:\/\/copades.com\/monec\/index.php?rest_route=%2Fwp%2Fv2%2Fcategories&post=67868"},{"taxonomy":"post_tag","embeddable":true,"href":"https:\/\/copades.com\/monec\/index.php?rest_route=%2Fwp%2Fv2%2Ftags&post=67868"}],"curies":[{"name":"wp","href":"https:\/\/api.w.org\/{rel}","templated":true}]}}