{"id":6791,"date":"2013-05-27T15:41:30","date_gmt":"2013-05-27T15:41:30","guid":{"rendered":"http:\/\/copades.com\/monec\/?p=6791"},"modified":"2013-05-27T15:41:30","modified_gmt":"2013-05-27T15:41:30","slug":"la-dgac-licitaria-construccion-de-aeropuerto","status":"publish","type":"post","link":"https:\/\/copades.com\/monec\/?p=6791","title":{"rendered":"La DGAC licitar\u00eda construcci\u00f3n de aeropuerto"},"content":{"rendered":"<p style=\"text-align: justify;\">Los planos para construir el <em>Aeropuerto del Puerto de San Jos\u00e9<\/em>, Escuintla, elevarlo a categor\u00eda internacional y convertirlo en alterno a la terminal <em>La Aurora<\/em> est\u00e1n listos; sin embargo, se requieren m\u00e1s de US$139.5 millones para concretar el proyecto y el Estado al carecer de los fondos buscar\u00e1 realizarlo por medio de una alianza p\u00fablico-privada. \u00a0<strong>Roberto Rodr\u00edguez<\/strong>, interventor de la Direcci\u00f3n General de Aeron\u00e1utica Civil (DGAC), revel\u00f3 que el anuncio de la licitaci\u00f3n del aer\u00f3dromo del Puerto de San Jos\u00e9 se podr\u00eda hacer despu\u00e9s del foro \u201cGuatemala Investment Summit\u201d. La inversi\u00f3n requerida en toda la infraestructura aeroportuaria del pa\u00eds sobrepasa los US$378.4 millones; lo cual, remarca <strong>Rodr\u00edguez<\/strong>, el Estado no tiene. (El Periodico 27.05.13)<\/p>\n","protected":false},"excerpt":{"rendered":"<p>Los planos para construir el Aeropuerto del Puerto de San Jos\u00e9, Escuintla, elevarlo a categor\u00eda internacional y convertirlo en alterno a la terminal La Aurora est\u00e1n listos; sin embargo, se requieren m\u00e1s de US$139.5&#46;&#46;&#46;<\/p>\n","protected":false},"author":1,"featured_media":0,"comment_status":"open","ping_status":"closed","sticky":false,"template":"","format":"standard","meta":{"footnotes":""},"categories":[5,11],"tags":[1160],"class_list":["post-6791","post","type-post","status-publish","format-standard","hentry","category-actividad-productiva","category-construccion-e-infraestructura","tag-aeropuerto-del-puerto-de-san-jose"],"_links":{"self":[{"href":"https:\/\/copades.com\/monec\/index.php?rest_route=\/wp\/v2\/posts\/6791","targetHints":{"allow":["GET"]}}],"collection":[{"href":"https:\/\/copades.com\/monec\/index.php?rest_route=\/wp\/v2\/posts"}],"about":[{"href":"https:\/\/copades.com\/monec\/index.php?rest_route=\/wp\/v2\/types\/post"}],"author":[{"embeddable":true,"href":"https:\/\/copades.com\/monec\/index.php?rest_route=\/wp\/v2\/users\/1"}],"replies":[{"embeddable":true,"href":"https:\/\/copades.com\/monec\/index.php?rest_route=%2Fwp%2Fv2%2Fcomments&post=6791"}],"version-history":[{"count":1,"href":"https:\/\/copades.com\/monec\/index.php?rest_route=\/wp\/v2\/posts\/6791\/revisions"}],"predecessor-version":[{"id":6792,"href":"https:\/\/copades.com\/monec\/index.php?rest_route=\/wp\/v2\/posts\/6791\/revisions\/6792"}],"wp:attachment":[{"href":"https:\/\/copades.com\/monec\/index.php?rest_route=%2Fwp%2Fv2%2Fmedia&parent=6791"}],"wp:term":[{"taxonomy":"category","embeddable":true,"href":"https:\/\/copades.com\/monec\/index.php?rest_route=%2Fwp%2Fv2%2Fcategories&post=6791"},{"taxonomy":"post_tag","embeddable":true,"href":"https:\/\/copades.com\/monec\/index.php?rest_route=%2Fwp%2Fv2%2Ftags&post=6791"}],"curies":[{"name":"wp","href":"https:\/\/api.w.org\/{rel}","templated":true}]}}