{"id":68013,"date":"2025-11-18T10:03:09","date_gmt":"2025-11-18T16:03:09","guid":{"rendered":"https:\/\/copades.com\/monec\/?p=68013"},"modified":"2025-11-18T10:03:09","modified_gmt":"2025-11-18T16:03:09","slug":"economia-del-pais-se-expandira-a-4-en-2025","status":"publish","type":"post","link":"https:\/\/copades.com\/monec\/?p=68013","title":{"rendered":"Econom\u00eda del pa\u00eds se expandir\u00e1 a 4% en 2025"},"content":{"rendered":"<p style=\"text-align: justify;\">En la revisi\u00f3n de la Pol\u00edtica Monetaria de septiembre del 2025, publicada la semana pasada, se confirma que la econom\u00eda guatemalteca, medida por el producto interno bruto (PIB), registrar\u00eda un crecimiento de 4% al cierre del 2025 y de 3.9% para el 2026. La publicaci\u00f3n del informe coincide con la exenci\u00f3n de aranceles rec\u00edprocos a productos agr\u00edcolas a escala mundial por parte de Estados Unidos, medida que incluye bienes que exporta Guatemala y que hab\u00eda generado incertidumbre. El informe del Banco de Guatemala (Banguat) expone que, en el escenario interno, la actividad productiva \u201cha mantenido un desempe\u00f1o positivo en lo que va del 2025, luego de registrar un crecimiento de 3.7% en el 2024, lo cual se evidencia en el comportamiento de los principales indicadores de corto plazo\u201d. Destacan el crecimiento del PIB trimestral, el desempe\u00f1o del \u00edndice mensual de la actividad econ\u00f3mica (Imae), el \u00edndice de confianza de la actividad econ\u00f3mica (Icae), el cr\u00e9dito bancario al sector privado, el comercio exterior y el ingreso de divisas por remesas familiares. As\u00ed como el aumento de la demanda interna. Todas estas variables permiten prever que la econom\u00eda cerrar\u00e1 con un crecimiento de 4%, liderando la regi\u00f3n centroamericana. El documento se\u00f1ala que los ritmos de crecimiento para este y el pr\u00f3ximo a\u00f1o ser\u00e1n superiores al promedio de largo plazo, que ha sido de 3.5%, \u201cde tal forma que la econom\u00eda mantendr\u00eda su dinamismo, respaldado, en buena medida, por el aumento de la demanda interna\u201d. (PL 18.11.25)<\/p>\n","protected":false},"excerpt":{"rendered":"<p>En la revisi\u00f3n de la Pol\u00edtica Monetaria de septiembre del 2025, publicada la semana pasada, se confirma que la econom\u00eda guatemalteca, medida por el producto interno bruto (PIB), registrar\u00eda un crecimiento de 4% al&#46;&#46;&#46;<\/p>\n","protected":false},"author":1,"featured_media":48002,"comment_status":"open","ping_status":"closed","sticky":false,"template":"","format":"standard","meta":{"footnotes":""},"categories":[5],"tags":[],"class_list":["post-68013","post","type-post","status-publish","format-standard","has-post-thumbnail","hentry","category-actividad-productiva"],"_links":{"self":[{"href":"https:\/\/copades.com\/monec\/index.php?rest_route=\/wp\/v2\/posts\/68013","targetHints":{"allow":["GET"]}}],"collection":[{"href":"https:\/\/copades.com\/monec\/index.php?rest_route=\/wp\/v2\/posts"}],"about":[{"href":"https:\/\/copades.com\/monec\/index.php?rest_route=\/wp\/v2\/types\/post"}],"author":[{"embeddable":true,"href":"https:\/\/copades.com\/monec\/index.php?rest_route=\/wp\/v2\/users\/1"}],"replies":[{"embeddable":true,"href":"https:\/\/copades.com\/monec\/index.php?rest_route=%2Fwp%2Fv2%2Fcomments&post=68013"}],"version-history":[{"count":1,"href":"https:\/\/copades.com\/monec\/index.php?rest_route=\/wp\/v2\/posts\/68013\/revisions"}],"predecessor-version":[{"id":68014,"href":"https:\/\/copades.com\/monec\/index.php?rest_route=\/wp\/v2\/posts\/68013\/revisions\/68014"}],"wp:featuredmedia":[{"embeddable":true,"href":"https:\/\/copades.com\/monec\/index.php?rest_route=\/wp\/v2\/media\/48002"}],"wp:attachment":[{"href":"https:\/\/copades.com\/monec\/index.php?rest_route=%2Fwp%2Fv2%2Fmedia&parent=68013"}],"wp:term":[{"taxonomy":"category","embeddable":true,"href":"https:\/\/copades.com\/monec\/index.php?rest_route=%2Fwp%2Fv2%2Fcategories&post=68013"},{"taxonomy":"post_tag","embeddable":true,"href":"https:\/\/copades.com\/monec\/index.php?rest_route=%2Fwp%2Fv2%2Ftags&post=68013"}],"curies":[{"name":"wp","href":"https:\/\/api.w.org\/{rel}","templated":true}]}}