{"id":68238,"date":"2025-12-01T14:20:55","date_gmt":"2025-12-01T20:20:55","guid":{"rendered":"https:\/\/copades.com\/monec\/?p=68238"},"modified":"2025-12-01T14:20:55","modified_gmt":"2025-12-01T20:20:55","slug":"piden-criterio-tecnico-en-ajuste-salarial","status":"publish","type":"post","link":"https:\/\/copades.com\/monec\/?p=68238","title":{"rendered":"Piden criterio t\u00e9cnico en ajuste salarial"},"content":{"rendered":"<p style=\"text-align: justify;\">En un periodo de cinco semanas se conocer\u00e1 de manera oficial c\u00f3mo quedar\u00e1 el salario m\u00ednimo que entrar\u00e1 en vigor el 1 de enero del 2026, decisi\u00f3n que ser\u00e1 adoptada mediante decreto presidencial. Aunque el Ejecutivo ya inici\u00f3 los an\u00e1lisis para definir el sueldo para el pr\u00f3ximo a\u00f1o, no hay una fecha establecida para su publicaci\u00f3n. Mientras tanto, las empresas grandes, medianas y peque\u00f1as comienzan a elaborar sus presupuestos anuales, considerando la variable de un posible ajuste por decisi\u00f3n presidencial, luego de que la Comisi\u00f3n Nacional del Salario (CNS) no llegara a acuerdos para su fijaci\u00f3n. El Ministerio de Trabajo (Mintrab) tiene previsto elaborar los informes que sustentar\u00e1n la definici\u00f3n de la paga m\u00ednima, que por segundo a\u00f1o consecutivo recaer\u00e1 en el gobernante <strong>Bernardo Ar\u00e9valo de Le\u00f3n<\/strong>. <strong>Francisco Ralda<\/strong>, presidente de la Asociaci\u00f3n Guatemalteca de Exportadores (Agexport), afirm\u00f3 que, lamentablemente, se espera un inminente ajuste ante la falta de consensos en la Comisi\u00f3n Nacional del Salario (CNS), en octubre pasado. \u201cSer\u00e1 un golpe bastante duro al sector empresarial, porque, dependiendo de lo que se apruebe \u2014que puede ser entre 6%, si se le suma el incremento al vigente del 10% y del 2024, que fue del 6%\u2014, se estar\u00eda superando un incremento del 20% acumulado. Es una posici\u00f3n muy preocupante para el sector agr\u00edcola, ya que m\u00e1s del 80% es costo de la mano de obra\u201d, remarc\u00f3 el directivo. Aclar\u00f3 que la legislaci\u00f3n en Guatemala es muy r\u00edgida, y puso como ejemplo el modelo de Per\u00fa, donde el surgimiento de la agroindustria moderna tuvo que ver con la flexibilidad laboral. El directivo agreg\u00f3 que la legislaci\u00f3n r\u00edgida, sumada a los incrementos salariales, \u201cno ayudan en nada al sector, y eso puede traer un alto nivel de desempleo\u201d. (PL 01.12.25)<\/p>\n","protected":false},"excerpt":{"rendered":"<p>En un periodo de cinco semanas se conocer\u00e1 de manera oficial c\u00f3mo quedar\u00e1 el salario m\u00ednimo que entrar\u00e1 en vigor el 1 de enero del 2026, decisi\u00f3n que ser\u00e1 adoptada mediante decreto presidencial. Aunque&#46;&#46;&#46;<\/p>\n","protected":false},"author":1,"featured_media":51251,"comment_status":"open","ping_status":"closed","sticky":false,"template":"","format":"standard","meta":{"footnotes":""},"categories":[49],"tags":[],"class_list":["post-68238","post","type-post","status-publish","format-standard","has-post-thumbnail","hentry","category-poblacion-empleos-y-salarios"],"_links":{"self":[{"href":"https:\/\/copades.com\/monec\/index.php?rest_route=\/wp\/v2\/posts\/68238","targetHints":{"allow":["GET"]}}],"collection":[{"href":"https:\/\/copades.com\/monec\/index.php?rest_route=\/wp\/v2\/posts"}],"about":[{"href":"https:\/\/copades.com\/monec\/index.php?rest_route=\/wp\/v2\/types\/post"}],"author":[{"embeddable":true,"href":"https:\/\/copades.com\/monec\/index.php?rest_route=\/wp\/v2\/users\/1"}],"replies":[{"embeddable":true,"href":"https:\/\/copades.com\/monec\/index.php?rest_route=%2Fwp%2Fv2%2Fcomments&post=68238"}],"version-history":[{"count":1,"href":"https:\/\/copades.com\/monec\/index.php?rest_route=\/wp\/v2\/posts\/68238\/revisions"}],"predecessor-version":[{"id":68239,"href":"https:\/\/copades.com\/monec\/index.php?rest_route=\/wp\/v2\/posts\/68238\/revisions\/68239"}],"wp:featuredmedia":[{"embeddable":true,"href":"https:\/\/copades.com\/monec\/index.php?rest_route=\/wp\/v2\/media\/51251"}],"wp:attachment":[{"href":"https:\/\/copades.com\/monec\/index.php?rest_route=%2Fwp%2Fv2%2Fmedia&parent=68238"}],"wp:term":[{"taxonomy":"category","embeddable":true,"href":"https:\/\/copades.com\/monec\/index.php?rest_route=%2Fwp%2Fv2%2Fcategories&post=68238"},{"taxonomy":"post_tag","embeddable":true,"href":"https:\/\/copades.com\/monec\/index.php?rest_route=%2Fwp%2Fv2%2Ftags&post=68238"}],"curies":[{"name":"wp","href":"https:\/\/api.w.org\/{rel}","templated":true}]}}