{"id":68547,"date":"2025-12-19T09:00:30","date_gmt":"2025-12-19T15:00:30","guid":{"rendered":"https:\/\/copades.com\/monec\/?p=68547"},"modified":"2025-12-19T09:00:30","modified_gmt":"2025-12-19T15:00:30","slug":"minfin-y-sat-firman-acuerdo-de-recaudo","status":"publish","type":"post","link":"https:\/\/copades.com\/monec\/?p=68547","title":{"rendered":"Minf\u00edn y SAT firman acuerdo de recaudo"},"content":{"rendered":"<p style=\"text-align: justify;\">Los titulares de Ministerio de Finanzas P\u00fablicas (Minf\u00edn), <strong>Jonathan Menkos<\/strong>, y de la Superintendencia de Administraci\u00f3n Tributaria (SAT), <strong>Werner Ovalle<\/strong>, suscribieron el convenio para el cumplimiento de las metas de recaudaci\u00f3n tributaria del ejercicio fiscal 2026. En el documento se establece que de acuerdo con el Presupuesto de Ingresos y Egresos para el pr\u00f3ximo a\u00f1o aprobado por el Congreso, la SAT se compromete a alcanzar Q119 mil 167 millones, lo cual incluye el pron\u00f3stico t\u00e9cnico de recaudaci\u00f3n tributaria, metas adicionales por reducci\u00f3n de defraudaci\u00f3n, as\u00ed como un menor incumplimiento fiscal por parte de los contribuyentes. El monto objetivo se sustenta por una estimaci\u00f3n del cobro de impuestos, el escenario macroecon\u00f3mico medio para 2026, la legislaci\u00f3n vigente y el compromiso de reducir la inobservancia de las normas impositivas. La meta establecida para 2025 fue de Q108 mil 737.4 millones y a noviembre pasado, la entidad hab\u00eda llegado a cobrar Q99 mil 32.1 millones. Con base en estas cifras, se eval\u00faa la gesti\u00f3n del superintendente de turno junto con otros factores; entre ellos, la evaluaci\u00f3n del Plan Anual de Recaudaci\u00f3n, Control y Fiscalizaci\u00f3n, que representa un monto adicional de Q7 mil 197 millones, as\u00ed como el resultado del monitoreo y acciones emprendidas por la SAT para el cumplimiento de metas. (DCA 19.12.25)<\/p>\n","protected":false},"excerpt":{"rendered":"<p>Los titulares de Ministerio de Finanzas P\u00fablicas (Minf\u00edn), Jonathan Menkos, y de la Superintendencia de Administraci\u00f3n Tributaria (SAT), Werner Ovalle, suscribieron el convenio para el cumplimiento de las metas de recaudaci\u00f3n tributaria del ejercicio&#46;&#46;&#46;<\/p>\n","protected":false},"author":1,"featured_media":60974,"comment_status":"open","ping_status":"closed","sticky":false,"template":"","format":"standard","meta":{"footnotes":""},"categories":[41],"tags":[],"class_list":["post-68547","post","type-post","status-publish","format-standard","has-post-thumbnail","hentry","category-finanzas-publicas"],"_links":{"self":[{"href":"https:\/\/copades.com\/monec\/index.php?rest_route=\/wp\/v2\/posts\/68547","targetHints":{"allow":["GET"]}}],"collection":[{"href":"https:\/\/copades.com\/monec\/index.php?rest_route=\/wp\/v2\/posts"}],"about":[{"href":"https:\/\/copades.com\/monec\/index.php?rest_route=\/wp\/v2\/types\/post"}],"author":[{"embeddable":true,"href":"https:\/\/copades.com\/monec\/index.php?rest_route=\/wp\/v2\/users\/1"}],"replies":[{"embeddable":true,"href":"https:\/\/copades.com\/monec\/index.php?rest_route=%2Fwp%2Fv2%2Fcomments&post=68547"}],"version-history":[{"count":1,"href":"https:\/\/copades.com\/monec\/index.php?rest_route=\/wp\/v2\/posts\/68547\/revisions"}],"predecessor-version":[{"id":68548,"href":"https:\/\/copades.com\/monec\/index.php?rest_route=\/wp\/v2\/posts\/68547\/revisions\/68548"}],"wp:featuredmedia":[{"embeddable":true,"href":"https:\/\/copades.com\/monec\/index.php?rest_route=\/wp\/v2\/media\/60974"}],"wp:attachment":[{"href":"https:\/\/copades.com\/monec\/index.php?rest_route=%2Fwp%2Fv2%2Fmedia&parent=68547"}],"wp:term":[{"taxonomy":"category","embeddable":true,"href":"https:\/\/copades.com\/monec\/index.php?rest_route=%2Fwp%2Fv2%2Fcategories&post=68547"},{"taxonomy":"post_tag","embeddable":true,"href":"https:\/\/copades.com\/monec\/index.php?rest_route=%2Fwp%2Fv2%2Ftags&post=68547"}],"curies":[{"name":"wp","href":"https:\/\/api.w.org\/{rel}","templated":true}]}}