{"id":68585,"date":"2026-01-06T09:46:44","date_gmt":"2026-01-06T15:46:44","guid":{"rendered":"https:\/\/copades.com\/monec\/?p=68585"},"modified":"2026-01-06T09:46:44","modified_gmt":"2026-01-06T15:46:44","slug":"panama-exportara-el-material-rocoso-de-mina-de-cobre-de-10000-mdd-cerrada","status":"publish","type":"post","link":"https:\/\/copades.com\/monec\/?p=68585","title":{"rendered":"Panam\u00e1 exportar\u00e1 el material rocoso de mina de cobre de 10,000 mdd cerrada"},"content":{"rendered":"<p style=\"text-align: justify;\">Panam\u00e1 exportar\u00e1 el material rocoso que permanece en una mina de cobre de 10,000 millones de d\u00f3lares paralizada desde noviembre de 2023 por orden judicial, anunci\u00f3 este viernes el presidente paname\u00f1o, <strong>Jos\u00e9 Ra\u00fal Mulino<\/strong>. En la mina Cobre Panam\u00e1, operada por Minera Panam\u00e1, filial de la canadiense <em>First Quantum Minerals<\/em>, \u201ca\u00fan quedan miles de toneladas de material rocoso, que fueron extra\u00eddos antes del cierre de la operaci\u00f3n, y su permanencia prolongada, sin los procedimientos adecuados, puede presentar un riesgo ambiental\u201d, afirm\u00f3 el gobernante. Por ello, orden\u00f3 que se coordine \u201cel procesamiento y exportaci\u00f3n de ese material\u201d, lo que \u201cno significa la apertura o reactivaci\u00f3n de la mina\u201d, seg\u00fan declar\u00f3 el presidente, durante el tradicional informe de la Naci\u00f3n de inicio de a\u00f1o en el Parlamento. La mina fue inhabilitada por un fallo de la Corte Suprema de Justicia (CSJ) que declar\u00f3 inconstitucional el contrato de concesi\u00f3n, una decisi\u00f3n que tuvo lugar en medio de las mayores protestas p\u00fablicas en d\u00e9cadas que mezclaron un rechazo a la miner\u00eda y al gobierno del entonces presidente <strong>Laurentino Cortizo<\/strong> (2019-2024\/ Partido Revolucionario Democr\u00e1tico). La explotaci\u00f3n de esta mina a cielo abierto, que en el 2022 produjo el 2 % del cobre a nivel mundial, representaba 7,000 empleos directos y cerca de 30,000 indirectos, de acuerdo con las cifras del Ejecutivo paname\u00f1o y de la empresa, que sit\u00faan adem\u00e1s en unos 10,000 de d\u00f3lares la inversi\u00f3n. La reapertura de la mina es tema que gravita en Panam\u00e1 no exento de pol\u00e9mica: los ambientalistas y algunos sectores civiles organizados insisten en que el proyecto es perjudicial y debe seguir cerrado, mientras que los extrabajadores del enclave y sectores econ\u00f3micos claman por su pronta reactivaci\u00f3n. \u201cPara hablar sobre el futuro de la mina, debemos esperar los resultados del audito\u201d ya eh marcha \u201cy la opini\u00f3n de los expertos internacionales que determinar\u00e1n la viabilidad o no de un proyecto que siempre debe ser sostenible y beneficioso a los intereses del pa\u00eds\u201d, sostuvo Mulino. (forbescentroamerica.com 06.01.26)<\/p>\n","protected":false},"excerpt":{"rendered":"<p>Panam\u00e1 exportar\u00e1 el material rocoso que permanece en una mina de cobre de 10,000 millones de d\u00f3lares paralizada desde noviembre de 2023 por orden judicial, anunci\u00f3 este viernes el presidente paname\u00f1o, Jos\u00e9 Ra\u00fal Mulino.&#46;&#46;&#46;<\/p>\n","protected":false},"author":1,"featured_media":47917,"comment_status":"open","ping_status":"closed","sticky":false,"template":"","format":"standard","meta":{"footnotes":""},"categories":[54],"tags":[],"class_list":["post-68585","post","type-post","status-publish","format-standard","has-post-thumbnail","hentry","category-centroamerica-seleccion"],"_links":{"self":[{"href":"https:\/\/copades.com\/monec\/index.php?rest_route=\/wp\/v2\/posts\/68585","targetHints":{"allow":["GET"]}}],"collection":[{"href":"https:\/\/copades.com\/monec\/index.php?rest_route=\/wp\/v2\/posts"}],"about":[{"href":"https:\/\/copades.com\/monec\/index.php?rest_route=\/wp\/v2\/types\/post"}],"author":[{"embeddable":true,"href":"https:\/\/copades.com\/monec\/index.php?rest_route=\/wp\/v2\/users\/1"}],"replies":[{"embeddable":true,"href":"https:\/\/copades.com\/monec\/index.php?rest_route=%2Fwp%2Fv2%2Fcomments&post=68585"}],"version-history":[{"count":1,"href":"https:\/\/copades.com\/monec\/index.php?rest_route=\/wp\/v2\/posts\/68585\/revisions"}],"predecessor-version":[{"id":68586,"href":"https:\/\/copades.com\/monec\/index.php?rest_route=\/wp\/v2\/posts\/68585\/revisions\/68586"}],"wp:featuredmedia":[{"embeddable":true,"href":"https:\/\/copades.com\/monec\/index.php?rest_route=\/wp\/v2\/media\/47917"}],"wp:attachment":[{"href":"https:\/\/copades.com\/monec\/index.php?rest_route=%2Fwp%2Fv2%2Fmedia&parent=68585"}],"wp:term":[{"taxonomy":"category","embeddable":true,"href":"https:\/\/copades.com\/monec\/index.php?rest_route=%2Fwp%2Fv2%2Fcategories&post=68585"},{"taxonomy":"post_tag","embeddable":true,"href":"https:\/\/copades.com\/monec\/index.php?rest_route=%2Fwp%2Fv2%2Ftags&post=68585"}],"curies":[{"name":"wp","href":"https:\/\/api.w.org\/{rel}","templated":true}]}}