{"id":68587,"date":"2026-01-06T09:47:31","date_gmt":"2026-01-06T15:47:31","guid":{"rendered":"https:\/\/copades.com\/monec\/?p=68587"},"modified":"2026-01-06T09:47:31","modified_gmt":"2026-01-06T15:47:31","slug":"comuna-empieza-con-los-trabajos-del-aerometro","status":"publish","type":"post","link":"https:\/\/copades.com\/monec\/?p=68587","title":{"rendered":"Comuna empieza con los trabajos del Aerometro"},"content":{"rendered":"<p style=\"text-align: justify;\">La primera fase de la construcci\u00f3n del Aerometro dio inicio ayer en la 12 calle Mont\u00fafar, de la zona 9, espec\u00edficamente en el carril derecho con direcci\u00f3n al occidente, el cual permanecer\u00e1 cerrado, mientras que el otro, que va en direcci\u00f3n contraria, continuar\u00e1 habilitado, inform\u00f3 la Municipalidad de Guatemala.\u00a0Dichas labores se extienden desde la 6\u00aa avenida \u201cA\u201d hacia el sector de la 5\u00aa avenida del referido lugar.\u00a0La obra se divide en siete fases que son la construcci\u00f3n de cimientos, colocaci\u00f3n de bases y torres, trabajos electromec\u00e1nicos, edificaci\u00f3n de estaciones, tensi\u00f3n de cableado y colocaci\u00f3n de cabinas para el transporte de pasajeros. Se estima que en dos a\u00f1os quede culminado el proyecto de movilidad y comience a funcionar. Seg\u00fan se anunci\u00f3, movilizar\u00e1 a 374 mil usuarios al d\u00eda y el costo del pasaje ser\u00eda de Q4 desde la Mont\u00fafar a El Tr\u00e9bol y Q6 de ese lugar a la colonia Molino de las Flores.\u00a0La concejal <strong>Ninotchka Matute<\/strong> consider\u00f3 que \u201cel sistema no es el indicado para satisfacer la demanda de transporte p\u00fablico en la ciudad capital. Tampoco es el adecuado y deber\u00eda habilitarse en \u00e1reas cuya topograf\u00eda lo requiera\u201d. (DCA 06.01.26)<\/p>\n","protected":false},"excerpt":{"rendered":"<p>La primera fase de la construcci\u00f3n del Aerometro dio inicio ayer en la 12 calle Mont\u00fafar, de la zona 9, espec\u00edficamente en el carril derecho con direcci\u00f3n al occidente, el cual permanecer\u00e1 cerrado, mientras&#46;&#46;&#46;<\/p>\n","protected":false},"author":1,"featured_media":63621,"comment_status":"open","ping_status":"closed","sticky":false,"template":"","format":"standard","meta":{"footnotes":""},"categories":[22],"tags":[],"class_list":["post-68587","post","type-post","status-publish","format-standard","has-post-thumbnail","hentry","category-transporte-y-almacenamiento"],"_links":{"self":[{"href":"https:\/\/copades.com\/monec\/index.php?rest_route=\/wp\/v2\/posts\/68587","targetHints":{"allow":["GET"]}}],"collection":[{"href":"https:\/\/copades.com\/monec\/index.php?rest_route=\/wp\/v2\/posts"}],"about":[{"href":"https:\/\/copades.com\/monec\/index.php?rest_route=\/wp\/v2\/types\/post"}],"author":[{"embeddable":true,"href":"https:\/\/copades.com\/monec\/index.php?rest_route=\/wp\/v2\/users\/1"}],"replies":[{"embeddable":true,"href":"https:\/\/copades.com\/monec\/index.php?rest_route=%2Fwp%2Fv2%2Fcomments&post=68587"}],"version-history":[{"count":1,"href":"https:\/\/copades.com\/monec\/index.php?rest_route=\/wp\/v2\/posts\/68587\/revisions"}],"predecessor-version":[{"id":68588,"href":"https:\/\/copades.com\/monec\/index.php?rest_route=\/wp\/v2\/posts\/68587\/revisions\/68588"}],"wp:featuredmedia":[{"embeddable":true,"href":"https:\/\/copades.com\/monec\/index.php?rest_route=\/wp\/v2\/media\/63621"}],"wp:attachment":[{"href":"https:\/\/copades.com\/monec\/index.php?rest_route=%2Fwp%2Fv2%2Fmedia&parent=68587"}],"wp:term":[{"taxonomy":"category","embeddable":true,"href":"https:\/\/copades.com\/monec\/index.php?rest_route=%2Fwp%2Fv2%2Fcategories&post=68587"},{"taxonomy":"post_tag","embeddable":true,"href":"https:\/\/copades.com\/monec\/index.php?rest_route=%2Fwp%2Fv2%2Ftags&post=68587"}],"curies":[{"name":"wp","href":"https:\/\/api.w.org\/{rel}","templated":true}]}}