{"id":68651,"date":"2026-01-09T10:02:16","date_gmt":"2026-01-09T16:02:16","guid":{"rendered":"https:\/\/copades.com\/monec\/?p=68651"},"modified":"2026-01-09T10:02:16","modified_gmt":"2026-01-09T16:02:16","slug":"cepa-invertira-309-millones-en-el-aeropuerto-del-pacifico-hasta-2029","status":"publish","type":"post","link":"https:\/\/copades.com\/monec\/?p=68651","title":{"rendered":"CEPA invertir\u00e1 $309 millones en el Aeropuerto del Pac\u00edfico hasta 2029"},"content":{"rendered":"<p style=\"text-align: justify;\">La construcci\u00f3n y equipamiento del Aeropuerto del Pac\u00edfico, ubicado en el departamento de La Uni\u00f3n, requerir\u00e1 de una inversi\u00f3n de $309 millones entre 2025 y 2029, seg\u00fan revela el marco fiscal de mediano plazo, un documento del Ministerio de Hacienda. El Aeropuerto del Pac\u00edfico es uno de los proyectos m\u00e1s emblem\u00e1ticos de la actual administraci\u00f3n, junto al Tren del Pac\u00edfico. De acuerdo con lo planificado, la Comisi\u00f3n Ejecutiva Portuaria Aut\u00f3noma (CEPA), empresa p\u00fablica a cargo del proyecto, debi\u00f3 haber invertido $108.6 millones en esta obra el a\u00f1o pasado. En las \u00faltimas semanas, CEPA ha indicado que las obras de terracer\u00eda llevan alrededor de un 75% de avance. Con el paso de los a\u00f1os, la inversi\u00f3n ir\u00eda descendiendo de manera paulatina. Este a\u00f1o, la inversi\u00f3n proyectada asciende a $77.4 millones, de acuerdo con el marco fiscal.\u00a0En 2027, la inversi\u00f3n llegar\u00eda a $41.8 millones; en 2028, el monto programado es de $31.6 millones, para finalizar en 2029 con $25.2 millones. (eleconomista.net 09.01.26)<\/p>\n","protected":false},"excerpt":{"rendered":"<p>La construcci\u00f3n y equipamiento del Aeropuerto del Pac\u00edfico, ubicado en el departamento de La Uni\u00f3n, requerir\u00e1 de una inversi\u00f3n de $309 millones entre 2025 y 2029, seg\u00fan revela el marco fiscal de mediano plazo,&#46;&#46;&#46;<\/p>\n","protected":false},"author":1,"featured_media":63312,"comment_status":"open","ping_status":"closed","sticky":false,"template":"","format":"standard","meta":{"footnotes":""},"categories":[54],"tags":[],"class_list":["post-68651","post","type-post","status-publish","format-standard","has-post-thumbnail","hentry","category-centroamerica-seleccion"],"_links":{"self":[{"href":"https:\/\/copades.com\/monec\/index.php?rest_route=\/wp\/v2\/posts\/68651","targetHints":{"allow":["GET"]}}],"collection":[{"href":"https:\/\/copades.com\/monec\/index.php?rest_route=\/wp\/v2\/posts"}],"about":[{"href":"https:\/\/copades.com\/monec\/index.php?rest_route=\/wp\/v2\/types\/post"}],"author":[{"embeddable":true,"href":"https:\/\/copades.com\/monec\/index.php?rest_route=\/wp\/v2\/users\/1"}],"replies":[{"embeddable":true,"href":"https:\/\/copades.com\/monec\/index.php?rest_route=%2Fwp%2Fv2%2Fcomments&post=68651"}],"version-history":[{"count":1,"href":"https:\/\/copades.com\/monec\/index.php?rest_route=\/wp\/v2\/posts\/68651\/revisions"}],"predecessor-version":[{"id":68652,"href":"https:\/\/copades.com\/monec\/index.php?rest_route=\/wp\/v2\/posts\/68651\/revisions\/68652"}],"wp:featuredmedia":[{"embeddable":true,"href":"https:\/\/copades.com\/monec\/index.php?rest_route=\/wp\/v2\/media\/63312"}],"wp:attachment":[{"href":"https:\/\/copades.com\/monec\/index.php?rest_route=%2Fwp%2Fv2%2Fmedia&parent=68651"}],"wp:term":[{"taxonomy":"category","embeddable":true,"href":"https:\/\/copades.com\/monec\/index.php?rest_route=%2Fwp%2Fv2%2Fcategories&post=68651"},{"taxonomy":"post_tag","embeddable":true,"href":"https:\/\/copades.com\/monec\/index.php?rest_route=%2Fwp%2Fv2%2Ftags&post=68651"}],"curies":[{"name":"wp","href":"https:\/\/api.w.org\/{rel}","templated":true}]}}