{"id":68655,"date":"2026-01-09T10:03:50","date_gmt":"2026-01-09T16:03:50","guid":{"rendered":"https:\/\/copades.com\/monec\/?p=68655"},"modified":"2026-01-09T10:03:50","modified_gmt":"2026-01-09T16:03:50","slug":"costa-rica-cerro-el-2025-con-inflacion-de-1-23","status":"publish","type":"post","link":"https:\/\/copades.com\/monec\/?p=68655","title":{"rendered":"Costa Rica cerr\u00f3 el 2025 con inflaci\u00f3n de -1.23%"},"content":{"rendered":"<p style=\"text-align: justify;\">Costa Rica cerr\u00f3 el 2025 con una inflaci\u00f3n de -1.23%, el segundo n\u00famero negativo de la \u00faltima d\u00e9cada, y por cuarto a\u00f1o consecutivo se mantiene lejos de la meta establecida por el Banco Central que es de un rango entre el 2% y el 4%. Seg\u00fan los datos oficiales divulgados este jueves por el estatal Instituto Nacional de Estad\u00edstica y Censos (INEC), la otra variaci\u00f3n negativa registrada en la \u00faltima d\u00e9cada ocurri\u00f3 en 2023 cuando el a\u00f1o cerr\u00f3 en -1.77%. Desde que en 2021 la inflaci\u00f3n alcanz\u00f3 3.30%, el \u00edndice se ha mantenido fuera de la meta del Banco Central, ya que en 2022 el n\u00famero fue de 7.88%; en 2023 del -1.77%; en 2024 de 0.84% y en 2025 del -1.23%. Los datos oficiales indican que en el mes de diciembre de 2025 Costa Rica registr\u00f3 una inflaci\u00f3n de 0.08%, con lo cual el acumulado del a\u00f1o lleg\u00f3 a -1.23%. \u201cLos bienes y servicios que mostraron mayor efecto positivo en la variaci\u00f3n mensual del \u00edndice son: tomate, cebolla y papaya. Por otra parte, gasolina, autom\u00f3viles nuevos y arroz figuraron entre los principales con mayor efecto negativo en la variaci\u00f3n mensual del \u00edndice\u201d, explic\u00f3 el INEC. El Banco Central mantiene para el 2026 la misma meta inflacionaria de un rango de entre el 2% y el 4%. Seg\u00fan el \u00faltimo informe de perspectivas econ\u00f3micas de la Organizaci\u00f3n para la Cooperaci\u00f3n y el Desarrollo Econ\u00f3micos (OCDE), la inflaci\u00f3n en Costa Rica crecer\u00e1 gradualmente y podr\u00eda retornar a la meta en 2027. (forbescentroamerica.com 09.01.26)<\/p>\n","protected":false},"excerpt":{"rendered":"<p>Costa Rica cerr\u00f3 el 2025 con una inflaci\u00f3n de -1.23%, el segundo n\u00famero negativo de la \u00faltima d\u00e9cada, y por cuarto a\u00f1o consecutivo se mantiene lejos de la meta establecida por el Banco Central&#46;&#46;&#46;<\/p>\n","protected":false},"author":1,"featured_media":47929,"comment_status":"open","ping_status":"closed","sticky":false,"template":"","format":"standard","meta":{"footnotes":""},"categories":[54],"tags":[],"class_list":["post-68655","post","type-post","status-publish","format-standard","has-post-thumbnail","hentry","category-centroamerica-seleccion"],"_links":{"self":[{"href":"https:\/\/copades.com\/monec\/index.php?rest_route=\/wp\/v2\/posts\/68655","targetHints":{"allow":["GET"]}}],"collection":[{"href":"https:\/\/copades.com\/monec\/index.php?rest_route=\/wp\/v2\/posts"}],"about":[{"href":"https:\/\/copades.com\/monec\/index.php?rest_route=\/wp\/v2\/types\/post"}],"author":[{"embeddable":true,"href":"https:\/\/copades.com\/monec\/index.php?rest_route=\/wp\/v2\/users\/1"}],"replies":[{"embeddable":true,"href":"https:\/\/copades.com\/monec\/index.php?rest_route=%2Fwp%2Fv2%2Fcomments&post=68655"}],"version-history":[{"count":1,"href":"https:\/\/copades.com\/monec\/index.php?rest_route=\/wp\/v2\/posts\/68655\/revisions"}],"predecessor-version":[{"id":68656,"href":"https:\/\/copades.com\/monec\/index.php?rest_route=\/wp\/v2\/posts\/68655\/revisions\/68656"}],"wp:featuredmedia":[{"embeddable":true,"href":"https:\/\/copades.com\/monec\/index.php?rest_route=\/wp\/v2\/media\/47929"}],"wp:attachment":[{"href":"https:\/\/copades.com\/monec\/index.php?rest_route=%2Fwp%2Fv2%2Fmedia&parent=68655"}],"wp:term":[{"taxonomy":"category","embeddable":true,"href":"https:\/\/copades.com\/monec\/index.php?rest_route=%2Fwp%2Fv2%2Fcategories&post=68655"},{"taxonomy":"post_tag","embeddable":true,"href":"https:\/\/copades.com\/monec\/index.php?rest_route=%2Fwp%2Fv2%2Ftags&post=68655"}],"curies":[{"name":"wp","href":"https:\/\/api.w.org\/{rel}","templated":true}]}}