{"id":68657,"date":"2026-01-09T10:05:12","date_gmt":"2026-01-09T16:05:12","guid":{"rendered":"https:\/\/copades.com\/monec\/?p=68657"},"modified":"2026-01-09T10:05:12","modified_gmt":"2026-01-09T16:05:12","slug":"preven-que-region-crezca-2-3","status":"publish","type":"post","link":"https:\/\/copades.com\/monec\/?p=68657","title":{"rendered":"Prev\u00e9n que regi\u00f3n crezca 2.3%"},"content":{"rendered":"<p style=\"text-align: justify;\">Latinoam\u00e9rica y el Caribe crecer\u00e1n un 2.3% en 2026 y 2.5% en 2027, aunque con una evoluci\u00f3n heterog\u00e9nea, condicionada por restricciones fiscales internas y un entorno externo m\u00e1s adverso, seg\u00fan el informe Situaci\u00f3n y Perspectivas de la Econom\u00eda Mundial 2026 de Naciones Unidas. La ONU elev\u00f3 una d\u00e9cima la previsi\u00f3n para este a\u00f1o respecto al pron\u00f3stico del informe anterior, y mejor\u00f3 cuatro d\u00e9cimas el cierre de 2025, hasta 2.4%. La ONU proyecta expansiones superiores al 3.5% para Costa Rica, Rep\u00fablica Dominicana, Guatemala, Honduras, Panam\u00e1 y Paraguay, apoyadas en el consumo interno y la inversi\u00f3n. El crecimiento repuntar\u00e1 hasta el 2.5% en 2027, impulsado por el consumo privado y una recuperaci\u00f3n gradual de la inversi\u00f3n. El documento se\u00f1ala que las expectativas de corto plazo siguen siendo en general resilientes, apoyadas en un gasto firme, mejores condiciones financieras durante 2025 y precios de materias primas relativamente estables. Advierte de riesgos a la baja derivados de una posible desaceleraci\u00f3n en los principales socios, un endurecimiento de las condiciones financieras globales y una elevada incertidumbre, en especial por los nuevos aranceles y cambios migratorios de Estados Unidos. En Brasil, el crecimiento se moderar\u00e1 desde un estimado de 2.5% en 2025 hasta 2 % en 2026. (DCA 09.01.26)<\/p>\n","protected":false},"excerpt":{"rendered":"<p>Latinoam\u00e9rica y el Caribe crecer\u00e1n un 2.3% en 2026 y 2.5% en 2027, aunque con una evoluci\u00f3n heterog\u00e9nea, condicionada por restricciones fiscales internas y un entorno externo m\u00e1s adverso, seg\u00fan el informe Situaci\u00f3n y&#46;&#46;&#46;<\/p>\n","protected":false},"author":1,"featured_media":52628,"comment_status":"open","ping_status":"closed","sticky":false,"template":"","format":"standard","meta":{"footnotes":""},"categories":[54],"tags":[],"class_list":["post-68657","post","type-post","status-publish","format-standard","has-post-thumbnail","hentry","category-centroamerica-seleccion"],"_links":{"self":[{"href":"https:\/\/copades.com\/monec\/index.php?rest_route=\/wp\/v2\/posts\/68657","targetHints":{"allow":["GET"]}}],"collection":[{"href":"https:\/\/copades.com\/monec\/index.php?rest_route=\/wp\/v2\/posts"}],"about":[{"href":"https:\/\/copades.com\/monec\/index.php?rest_route=\/wp\/v2\/types\/post"}],"author":[{"embeddable":true,"href":"https:\/\/copades.com\/monec\/index.php?rest_route=\/wp\/v2\/users\/1"}],"replies":[{"embeddable":true,"href":"https:\/\/copades.com\/monec\/index.php?rest_route=%2Fwp%2Fv2%2Fcomments&post=68657"}],"version-history":[{"count":1,"href":"https:\/\/copades.com\/monec\/index.php?rest_route=\/wp\/v2\/posts\/68657\/revisions"}],"predecessor-version":[{"id":68658,"href":"https:\/\/copades.com\/monec\/index.php?rest_route=\/wp\/v2\/posts\/68657\/revisions\/68658"}],"wp:featuredmedia":[{"embeddable":true,"href":"https:\/\/copades.com\/monec\/index.php?rest_route=\/wp\/v2\/media\/52628"}],"wp:attachment":[{"href":"https:\/\/copades.com\/monec\/index.php?rest_route=%2Fwp%2Fv2%2Fmedia&parent=68657"}],"wp:term":[{"taxonomy":"category","embeddable":true,"href":"https:\/\/copades.com\/monec\/index.php?rest_route=%2Fwp%2Fv2%2Fcategories&post=68657"},{"taxonomy":"post_tag","embeddable":true,"href":"https:\/\/copades.com\/monec\/index.php?rest_route=%2Fwp%2Fv2%2Ftags&post=68657"}],"curies":[{"name":"wp","href":"https:\/\/api.w.org\/{rel}","templated":true}]}}