{"id":68694,"date":"2026-01-13T10:05:18","date_gmt":"2026-01-13T16:05:18","guid":{"rendered":"https:\/\/copades.com\/monec\/?p=68694"},"modified":"2026-01-13T10:05:18","modified_gmt":"2026-01-13T16:05:18","slug":"denuncian-ataque-contra-autonomia-de-la-fed","status":"publish","type":"post","link":"https:\/\/copades.com\/monec\/?p=68694","title":{"rendered":"Denuncian ataque contra autonom\u00eda de la FED"},"content":{"rendered":"<p style=\"text-align: justify;\">Un grupo de antiguos presidentes de la Reserva Federal (Fed) y secretarios del Tesoro, y asesores econ\u00f3micos de Estados Unidos expresaron este lunes su apoyo al jefe del banco central, <strong>Jerome Powell<\/strong>, y denunciaron los \u00abataques\u00bb de la Fiscal\u00eda para minar su independencia. En una carta abierta, las trece figuras de la Econom\u00eda reivindican que la independencia del banco central y la percepci\u00f3n p\u00fablica de la misma son clave, y declaran que la investigaci\u00f3n anunciada contra Powell \u00abes un intento inaudito de usar los ataques de la Fiscal\u00eda para minar esa independencia\u00bb. La declaraci\u00f3n, firmada por trece figuras econ\u00f3micas, se produce despu\u00e9s de que Powell dijera ayer que afronta una investigaci\u00f3n federal relacionada con su testimonio ante el Congreso sobre la renovaci\u00f3n de la sede del banco central, y la calificara de \u00abintimidaci\u00f3n\u00bb del Gobierno de EE. UU. Powell opin\u00f3 que tanto su testimonio como la renovaci\u00f3n de la sede de la Fed son \u00abpretextos\u00bb, y la amenaza de cargos penales de la Fiscal\u00eda es consecuencia de que el banco central haya actuado seg\u00fan sus evaluaciones econ\u00f3micas \u00aben lugar de seguir las preferencias del presidente\u00bb <strong>Donald Trump<\/strong>. Los firmantes dijeron que ese comportamiento \u00abno tiene lugar en EE. UU., cuya mayor fortaleza es el imperio de la ley\u00bb, y evoca a c\u00f3mo se hace la pol\u00edtica monetaria en \u00abmercados emergentes con instituciones d\u00e9biles\u00bb, con consecuencias negativas para la inflaci\u00f3n y la econom\u00eda en general. (PL 13.01.26)<\/p>\n","protected":false},"excerpt":{"rendered":"<p>Un grupo de antiguos presidentes de la Reserva Federal (Fed) y secretarios del Tesoro, y asesores econ\u00f3micos de Estados Unidos expresaron este lunes su apoyo al jefe del banco central, Jerome Powell, y denunciaron&#46;&#46;&#46;<\/p>\n","protected":false},"author":1,"featured_media":48440,"comment_status":"open","ping_status":"closed","sticky":false,"template":"","format":"standard","meta":{"footnotes":""},"categories":[55],"tags":[],"class_list":["post-68694","post","type-post","status-publish","format-standard","has-post-thumbnail","hentry","category-internacionales-seleccion"],"_links":{"self":[{"href":"https:\/\/copades.com\/monec\/index.php?rest_route=\/wp\/v2\/posts\/68694","targetHints":{"allow":["GET"]}}],"collection":[{"href":"https:\/\/copades.com\/monec\/index.php?rest_route=\/wp\/v2\/posts"}],"about":[{"href":"https:\/\/copades.com\/monec\/index.php?rest_route=\/wp\/v2\/types\/post"}],"author":[{"embeddable":true,"href":"https:\/\/copades.com\/monec\/index.php?rest_route=\/wp\/v2\/users\/1"}],"replies":[{"embeddable":true,"href":"https:\/\/copades.com\/monec\/index.php?rest_route=%2Fwp%2Fv2%2Fcomments&post=68694"}],"version-history":[{"count":1,"href":"https:\/\/copades.com\/monec\/index.php?rest_route=\/wp\/v2\/posts\/68694\/revisions"}],"predecessor-version":[{"id":68695,"href":"https:\/\/copades.com\/monec\/index.php?rest_route=\/wp\/v2\/posts\/68694\/revisions\/68695"}],"wp:featuredmedia":[{"embeddable":true,"href":"https:\/\/copades.com\/monec\/index.php?rest_route=\/wp\/v2\/media\/48440"}],"wp:attachment":[{"href":"https:\/\/copades.com\/monec\/index.php?rest_route=%2Fwp%2Fv2%2Fmedia&parent=68694"}],"wp:term":[{"taxonomy":"category","embeddable":true,"href":"https:\/\/copades.com\/monec\/index.php?rest_route=%2Fwp%2Fv2%2Fcategories&post=68694"},{"taxonomy":"post_tag","embeddable":true,"href":"https:\/\/copades.com\/monec\/index.php?rest_route=%2Fwp%2Fv2%2Ftags&post=68694"}],"curies":[{"name":"wp","href":"https:\/\/api.w.org\/{rel}","templated":true}]}}