{"id":68708,"date":"2026-01-13T10:09:32","date_gmt":"2026-01-13T16:09:32","guid":{"rendered":"https:\/\/copades.com\/monec\/?p=68708"},"modified":"2026-01-13T10:09:32","modified_gmt":"2026-01-13T16:09:32","slug":"delegacion-del-fmi-llegara-al-pais","status":"publish","type":"post","link":"https:\/\/copades.com\/monec\/?p=68708","title":{"rendered":"Delegaci\u00f3n del FMI llegar\u00e1 al pa\u00eds"},"content":{"rendered":"<p style=\"text-align: justify;\">Una misi\u00f3n del Fondo Monetario Internacional (FMI) visitar\u00e1 Guatemala para evaluar el desempe\u00f1o econ\u00f3mico del 2025 y conocer las perspectivas para el 2026. \u00a0Se trata de la primera evaluaci\u00f3n del a\u00f1o hacia Guatemala por parte del Fondo Monetario Internacional (FMI), que est\u00e1 prevista del 23 al 27 de febrero. El objetivo es analizar los indicadores econ\u00f3micos del 2025 y revisar las proyecciones para el 2026, seg\u00fan inform\u00f3 una fuente oficial. Esta visita corresponde a una misi\u00f3n preparatoria previa a la pr\u00f3xima evaluaci\u00f3n del <em>Art\u00edculo IV<\/em>, que consiste en la revisi\u00f3n anual sobre la situaci\u00f3n econ\u00f3mica, pol\u00edtica fiscal y la percepci\u00f3n externa del pa\u00eds. Esta evaluaci\u00f3n est\u00e1 programada del 25 de mayo al 5 de junio, y en ella se dar\u00e1n a conocer los hallazgos y resultados. La visita de febrero ser\u00e1 dirigida por el jefe de misi\u00f3n, <strong>Alexander Culiuc<\/strong>, quien sostendr\u00e1 reuniones con representantes del sector p\u00fablico y privado, el Congreso de la Rep\u00fablica, centros de investigaci\u00f3n econ\u00f3mica, entre otros, para obtener un panorama general del pa\u00eds. La delegaci\u00f3n proviene de Washington D. C., donde se encuentra la sede del FMI. La revisi\u00f3n del Art\u00edculo IV tiene como objetivo evaluar el desempe\u00f1o de los principales indicadores de la pol\u00edtica macroecon\u00f3mica y fiscal, as\u00ed como del sistema financiero nacional. Esta evaluaci\u00f3n se realiza cada a\u00f1o y, al concluir, se espera un conjunto de recomendaciones y observaciones por parte del organismo financiero internacional. (PL 13.01.26)<\/p>\n","protected":false},"excerpt":{"rendered":"<p>Una misi\u00f3n del Fondo Monetario Internacional (FMI) visitar\u00e1 Guatemala para evaluar el desempe\u00f1o econ\u00f3mico del 2025 y conocer las perspectivas para el 2026. \u00a0Se trata de la primera evaluaci\u00f3n del a\u00f1o hacia Guatemala por&#46;&#46;&#46;<\/p>\n","protected":false},"author":1,"featured_media":48168,"comment_status":"open","ping_status":"closed","sticky":false,"template":"","format":"standard","meta":{"footnotes":""},"categories":[3],"tags":[],"class_list":["post-68708","post","type-post","status-publish","format-standard","has-post-thumbnail","hentry","category-actividad-financiera"],"_links":{"self":[{"href":"https:\/\/copades.com\/monec\/index.php?rest_route=\/wp\/v2\/posts\/68708","targetHints":{"allow":["GET"]}}],"collection":[{"href":"https:\/\/copades.com\/monec\/index.php?rest_route=\/wp\/v2\/posts"}],"about":[{"href":"https:\/\/copades.com\/monec\/index.php?rest_route=\/wp\/v2\/types\/post"}],"author":[{"embeddable":true,"href":"https:\/\/copades.com\/monec\/index.php?rest_route=\/wp\/v2\/users\/1"}],"replies":[{"embeddable":true,"href":"https:\/\/copades.com\/monec\/index.php?rest_route=%2Fwp%2Fv2%2Fcomments&post=68708"}],"version-history":[{"count":1,"href":"https:\/\/copades.com\/monec\/index.php?rest_route=\/wp\/v2\/posts\/68708\/revisions"}],"predecessor-version":[{"id":68709,"href":"https:\/\/copades.com\/monec\/index.php?rest_route=\/wp\/v2\/posts\/68708\/revisions\/68709"}],"wp:featuredmedia":[{"embeddable":true,"href":"https:\/\/copades.com\/monec\/index.php?rest_route=\/wp\/v2\/media\/48168"}],"wp:attachment":[{"href":"https:\/\/copades.com\/monec\/index.php?rest_route=%2Fwp%2Fv2%2Fmedia&parent=68708"}],"wp:term":[{"taxonomy":"category","embeddable":true,"href":"https:\/\/copades.com\/monec\/index.php?rest_route=%2Fwp%2Fv2%2Fcategories&post=68708"},{"taxonomy":"post_tag","embeddable":true,"href":"https:\/\/copades.com\/monec\/index.php?rest_route=%2Fwp%2Fv2%2Ftags&post=68708"}],"curies":[{"name":"wp","href":"https:\/\/api.w.org\/{rel}","templated":true}]}}