{"id":68728,"date":"2026-01-14T10:00:56","date_gmt":"2026-01-14T16:00:56","guid":{"rendered":"https:\/\/copades.com\/monec\/?p=68728"},"modified":"2026-01-14T10:00:56","modified_gmt":"2026-01-14T16:00:56","slug":"guatemala-se-une-a-plataforma-internacional-para-la-aplicacion-de-estandares-tributarios","status":"publish","type":"post","link":"https:\/\/copades.com\/monec\/?p=68728","title":{"rendered":"Guatemala se une a plataforma internacional para la aplicaci\u00f3n de est\u00e1ndares tributarios"},"content":{"rendered":"<p style=\"text-align: justify;\">Guatemala se une al Marco Inclusivo de la Cooperaci\u00f3n y el Desarrollo Econ\u00f3mico (OCDE)\/G20, una plataforma internacional para la aplicaci\u00f3n de est\u00e1ndares tributarios y se convierte en el pa\u00eds miembro n\u00famero 148 y el tercero de Centroam\u00e9rica. La OCDE en un comunicado se explica que Guatemala podr\u00e1 implementar el paquete de 15 medidas para combatir la erosi\u00f3n de la base imponible y el traslado de beneficios BEPS (Base Erosion and Profit Shifting). Esto significa que Guatemala \u00abcolaborar\u00e1 en igualdad de condiciones con todos los dem\u00e1s miembros para poner fin a la evasi\u00f3n fiscal de las empresas multinacionales, abordar los desaf\u00edos fiscales derivados de la digitalizaci\u00f3n de la econom\u00eda y explorar nuevas \u00e1reas de inter\u00e9s com\u00fan en materia fiscal\u00bb, se refiere en el bolet\u00edn. <strong>Jonathan Menkos<\/strong>, Ministro de Finanzas P\u00fablicas, expres\u00f3 que esto es hist\u00f3rico y env\u00eda un mensaje claro de que el pa\u00eds est\u00e1 decidido a fortalecer los lazos de cooperaci\u00f3n y a ser un actor clave en el \u00e1mbito de la fiscalidad internacional. \u00abReafirmo el compromiso del Estado de Guatemala de continuar impulsando un sistema tributario moderno, transparente y competitivo, que sea capaz de proteger las bases imponibles, adoptar las mejores pr\u00e1cticas internacionales, atraer m\u00e1s inversiones y garantizar que las decisiones se tomen con base en reglas claras y para beneficio del pa\u00eds\u00bb, asegur\u00f3 Menkos. (LH 14.01.26)<\/p>\n","protected":false},"excerpt":{"rendered":"<p>Guatemala se une al Marco Inclusivo de la Cooperaci\u00f3n y el Desarrollo Econ\u00f3mico (OCDE)\/G20, una plataforma internacional para la aplicaci\u00f3n de est\u00e1ndares tributarios y se convierte en el pa\u00eds miembro n\u00famero 148 y el&#46;&#46;&#46;<\/p>\n","protected":false},"author":1,"featured_media":48406,"comment_status":"open","ping_status":"closed","sticky":false,"template":"","format":"standard","meta":{"footnotes":""},"categories":[41],"tags":[],"class_list":["post-68728","post","type-post","status-publish","format-standard","has-post-thumbnail","hentry","category-finanzas-publicas"],"_links":{"self":[{"href":"https:\/\/copades.com\/monec\/index.php?rest_route=\/wp\/v2\/posts\/68728","targetHints":{"allow":["GET"]}}],"collection":[{"href":"https:\/\/copades.com\/monec\/index.php?rest_route=\/wp\/v2\/posts"}],"about":[{"href":"https:\/\/copades.com\/monec\/index.php?rest_route=\/wp\/v2\/types\/post"}],"author":[{"embeddable":true,"href":"https:\/\/copades.com\/monec\/index.php?rest_route=\/wp\/v2\/users\/1"}],"replies":[{"embeddable":true,"href":"https:\/\/copades.com\/monec\/index.php?rest_route=%2Fwp%2Fv2%2Fcomments&post=68728"}],"version-history":[{"count":1,"href":"https:\/\/copades.com\/monec\/index.php?rest_route=\/wp\/v2\/posts\/68728\/revisions"}],"predecessor-version":[{"id":68729,"href":"https:\/\/copades.com\/monec\/index.php?rest_route=\/wp\/v2\/posts\/68728\/revisions\/68729"}],"wp:featuredmedia":[{"embeddable":true,"href":"https:\/\/copades.com\/monec\/index.php?rest_route=\/wp\/v2\/media\/48406"}],"wp:attachment":[{"href":"https:\/\/copades.com\/monec\/index.php?rest_route=%2Fwp%2Fv2%2Fmedia&parent=68728"}],"wp:term":[{"taxonomy":"category","embeddable":true,"href":"https:\/\/copades.com\/monec\/index.php?rest_route=%2Fwp%2Fv2%2Fcategories&post=68728"},{"taxonomy":"post_tag","embeddable":true,"href":"https:\/\/copades.com\/monec\/index.php?rest_route=%2Fwp%2Fv2%2Ftags&post=68728"}],"curies":[{"name":"wp","href":"https:\/\/api.w.org\/{rel}","templated":true}]}}